{"id":151893,"date":"2025-03-10T15:24:15","date_gmt":"2025-03-10T15:24:15","guid":{"rendered":"https:\/\/sport.azemad.com\/?p=151893"},"modified":"2025-03-14T12:16:27","modified_gmt":"2025-03-14T12:16:27","slug":"panorama-en-las-competiciones-europeas","status":"publish","type":"post","link":"https:\/\/sport.azemad.com\/es\/panorama-en-las-competiciones-europeas\/","title":{"rendered":"Reus Deportiu conquista la Copa del Rey"},"content":{"rendered":"\n<p>Azemad Sport desea felicitar al <a href=\"https:\/\/www.instagram.com\/reusdeportiuoficial\/\">Reus Deportiu<\/a> por su incre\u00edble victoria en la Copa del Rey 2025. \u00a1Este t\u00edtulo marca otro hito m\u00e1s en la historia del club! Azemad se siente orgulloso de apoyar el rendimiento de grandes clubes como el <a href=\"https:\/\/www.instagram.com\/reusdeportiuoficial\/\">Reus Deportiu<\/a>.<\/p>\n\n\n\n<figure class=\"wp-block-image aligncenter size-large\"><img fetchpriority=\"high\" decoding=\"async\" width=\"1024\" height=\"576\" src=\"https:\/\/sport.azemad.com\/wp-content\/uploads\/AZEMADSport_reus_copa_rey_1920x1080-2-1024x576.jpg\" alt=\"\" class=\"wp-image-152172\" srcset=\"https:\/\/sport.azemad.com\/wp-content\/uploads\/AZEMADSport_reus_copa_rey_1920x1080-2-1024x576.jpg 1024w, https:\/\/sport.azemad.com\/wp-content\/uploads\/AZEMADSport_reus_copa_rey_1920x1080-2-300x169.jpg 300w, https:\/\/sport.azemad.com\/wp-content\/uploads\/AZEMADSport_reus_copa_rey_1920x1080-2-600x338.jpg 600w, https:\/\/sport.azemad.com\/wp-content\/uploads\/AZEMADSport_reus_copa_rey_1920x1080-2-768x432.jpg 768w, https:\/\/sport.azemad.com\/wp-content\/uploads\/AZEMADSport_reus_copa_rey_1920x1080-2-1536x864.jpg 1536w, https:\/\/sport.azemad.com\/wp-content\/uploads\/AZEMADSport_reus_copa_rey_1920x1080-2.jpg 1920w\" sizes=\"(max-width: 1024px) 100vw, 1024px\" \/><\/figure>\n\n\n\n<p><\/p>\n\n\n\n<p><strong>\u00a1Rumbo a las Competiciones Europeas!<\/strong><\/p>\n\n\n\n<p>Con la victoria en la Copa del Rey a\u00fan reciente, el <a href=\"https:\/\/www.instagram.com\/reusdeportiuoficial\/\">Reus Deportiu<\/a> contin\u00faa avanzando en las competiciones europeas. Azemad Sport sigue de cerca todas las competiciones europeas de hockey, con especial atenci\u00f3n a los equipos que apoya. Nos entusiasma ver el rendimiento de nuestros equipos, que siguen dando lo mejor de s\u00ed mismos en el escenario internacional.<\/p>\n\n\n\n<p>En la competici\u00f3n femenina, el <a href=\"https:\/\/www.instagram.com\/modalidadesslb\/\">SL Benfica<\/a> ha asegurado, una vez m\u00e1s, un lugar en la Final Four de la WSE Champions League, que se celebrar\u00e1 los d\u00edas 26 y 27 de abril. Adem\u00e1s, la <a href=\"https:\/\/www.instagram.com\/escolalivreaz\/\">Escola Livre de Azem\u00e9is<\/a> y <a href=\"https:\/\/www.instagram.com\/acdgulpilhares\/\">ACD Gulpilhares<\/a>, en sus debut en competiciones europeas, han logrado un puesto en la Final Four de la WSE Cup Women, que se disputar\u00e1 los d\u00edas 22 y 23 de marzo.<\/p>\n\n\n\n<p>En la competici\u00f3n masculina, equipos apoyados por Azemad siguen luchando en la WSE Champions League. <a href=\"https:\/\/www.instagram.com\/modalidadesslb\/\">SL Benfica<\/a>, <a href=\"https:\/\/www.instagram.com\/fcportosports\/\">FC Porto<\/a>, <a href=\"https:\/\/www.instagram.com\/oqueidebarcelos_oficial\/\">OC Barcelos<\/a> y <a href=\"https:\/\/www.instagram.com\/udoliveirense.hoquei\/\">UD Oliveirense<\/a> han asegurado su lugar en los cuartos de final, junto al <a href=\"https:\/\/www.instagram.com\/reusdeportiuoficial\/\">Reus Deportiu<\/a>, y siguen destac\u00e1ndose entre los mejores.<\/p>\n\n\n\n<p>En la WSE Cup Men, <a href=\"https:\/\/www.instagram.com\/cpvoltrega\/\">CP Voltreg\u00e0<\/a> y <a href=\"https:\/\/www.instagram.com\/sportingclubetomar\/\">SC Tomar<\/a> tambi\u00e9n han conseguido un lugar en la Final Four, que se disputar\u00e1 los d\u00edas 12 y 13 de abril.<\/p>\n\n\n\n<p>Azemad Sport desea buena suerte a todos los equipos en competici\u00f3n! <\/p>\n\n\n\n<p><\/p>\n","protected":false},"excerpt":{"rendered":"<p>\u00a1Felicidades al Reus Deportiu por ganar la Copa del Rey 2025!<\/p>\n","protected":false},"author":8,"featured_media":152168,"comment_status":"open","ping_status":"open","sticky":false,"template":"","format":"standard","meta":{"_acf_changed":false,"footnotes":""},"categories":[920,924,94],"tags":[],"class_list":["post-151893","post","type-post","status-publish","format-standard","has-post-thumbnail","hentry","category-desarrollos","category-equipo-azemad","category-sin-categorizar"],"acf":[],"yoast_head":"<!-- This site is optimized with the Yoast SEO plugin v27.4 - https:\/\/yoast.com\/product\/yoast-seo-wordpress\/ -->\n<title>Reus Deportiu conquista la Copa del Rey<\/title>\n<meta name=\"description\" content=\"\u00a1Felicidades al Reus Deportiu por ganar la Copa del Rey 2025!\" \/>\n<meta name=\"robots\" content=\"index, follow, max-snippet:-1, max-image-preview:large, max-video-preview:-1\" \/>\n<link rel=\"canonical\" href=\"https:\/\/sport.azemad.com\/es\/panorama-en-las-competiciones-europeas\/\" \/>\n<meta property=\"og:locale\" content=\"es_ES\" \/>\n<meta property=\"og:type\" content=\"article\" \/>\n<meta property=\"og:title\" content=\"Reus Deportiu conquista la Copa del Rey\" \/>\n<meta property=\"og:description\" content=\"\u00a1Felicidades al Reus Deportiu por ganar la Copa del Rey 2025!\" \/>\n<meta property=\"og:url\" content=\"https:\/\/sport.azemad.com\/es\/panorama-en-las-competiciones-europeas\/\" \/>\n<meta property=\"og:site_name\" content=\"Azemad Sport\" \/>\n<meta property=\"article:publisher\" content=\"https:\/\/www.facebook.com\/azemadsport\" \/>\n<meta property=\"article:published_time\" content=\"2025-03-10T15:24:15+00:00\" \/>\n<meta property=\"article:modified_time\" content=\"2025-03-14T12:16:27+00:00\" \/>\n<meta property=\"og:image\" content=\"https:\/\/sport.azemad.com\/wp-content\/uploads\/AZEMADSport_reus_copa_rey_1080x1080.jpg\" \/>\n\t<meta property=\"og:image:width\" content=\"1080\" \/>\n\t<meta property=\"og:image:height\" content=\"1080\" \/>\n\t<meta property=\"og:image:type\" content=\"image\/jpeg\" \/>\n<meta name=\"author\" content=\"azemad.content\" \/>\n<meta name=\"twitter:card\" content=\"summary_large_image\" \/>\n<meta name=\"twitter:label1\" content=\"Escrito por\" \/>\n\t<meta name=\"twitter:data1\" content=\"azemad.content\" \/>\n\t<meta name=\"twitter:label2\" content=\"Tiempo de lectura\" \/>\n\t<meta name=\"twitter:data2\" content=\"2 minutos\" \/>\n<script type=\"application\/ld+json\" class=\"yoast-schema-graph\">{\"@context\":\"https:\\\/\\\/schema.org\",\"@graph\":[{\"@type\":\"Article\",\"@id\":\"https:\\\/\\\/sport.azemad.com\\\/es\\\/panorama-en-las-competiciones-europeas\\\/#article\",\"isPartOf\":{\"@id\":\"https:\\\/\\\/sport.azemad.com\\\/es\\\/panorama-en-las-competiciones-europeas\\\/\"},\"author\":{\"name\":\"azemad.content\",\"@id\":\"https:\\\/\\\/sport.azemad.com\\\/es\\\/#\\\/schema\\\/person\\\/d7733c74a910adf4e61fb90b461feb1c\"},\"headline\":\"Reus Deportiu conquista la Copa del Rey\",\"datePublished\":\"2025-03-10T15:24:15+00:00\",\"dateModified\":\"2025-03-14T12:16:27+00:00\",\"mainEntityOfPage\":{\"@id\":\"https:\\\/\\\/sport.azemad.com\\\/es\\\/panorama-en-las-competiciones-europeas\\\/\"},\"wordCount\":277,\"commentCount\":0,\"publisher\":{\"@id\":\"https:\\\/\\\/sport.azemad.com\\\/es\\\/#organization\"},\"image\":{\"@id\":\"https:\\\/\\\/sport.azemad.com\\\/es\\\/panorama-en-las-competiciones-europeas\\\/#primaryimage\"},\"thumbnailUrl\":\"https:\\\/\\\/sport.azemad.com\\\/wp-content\\\/uploads\\\/AZEMADSport_reus_copa_rey_1080x1080.jpg\",\"articleSection\":[\"Desarrollos\",\"Equipo Azemad\",\"Sin categorizar\"],\"inLanguage\":\"es\",\"potentialAction\":[{\"@type\":\"CommentAction\",\"name\":\"Comment\",\"target\":[\"https:\\\/\\\/sport.azemad.com\\\/es\\\/panorama-en-las-competiciones-europeas\\\/#respond\"]}]},{\"@type\":\"WebPage\",\"@id\":\"https:\\\/\\\/sport.azemad.com\\\/es\\\/panorama-en-las-competiciones-europeas\\\/\",\"url\":\"https:\\\/\\\/sport.azemad.com\\\/es\\\/panorama-en-las-competiciones-europeas\\\/\",\"name\":\"Reus Deportiu conquista la Copa del Rey\",\"isPartOf\":{\"@id\":\"https:\\\/\\\/sport.azemad.com\\\/es\\\/#website\"},\"primaryImageOfPage\":{\"@id\":\"https:\\\/\\\/sport.azemad.com\\\/es\\\/panorama-en-las-competiciones-europeas\\\/#primaryimage\"},\"image\":{\"@id\":\"https:\\\/\\\/sport.azemad.com\\\/es\\\/panorama-en-las-competiciones-europeas\\\/#primaryimage\"},\"thumbnailUrl\":\"https:\\\/\\\/sport.azemad.com\\\/wp-content\\\/uploads\\\/AZEMADSport_reus_copa_rey_1080x1080.jpg\",\"datePublished\":\"2025-03-10T15:24:15+00:00\",\"dateModified\":\"2025-03-14T12:16:27+00:00\",\"description\":\"\u00a1Felicidades al Reus Deportiu por ganar la Copa del Rey 2025!\",\"breadcrumb\":{\"@id\":\"https:\\\/\\\/sport.azemad.com\\\/es\\\/panorama-en-las-competiciones-europeas\\\/#breadcrumb\"},\"inLanguage\":\"es\",\"potentialAction\":[{\"@type\":\"ReadAction\",\"target\":[\"https:\\\/\\\/sport.azemad.com\\\/es\\\/panorama-en-las-competiciones-europeas\\\/\"]}]},{\"@type\":\"ImageObject\",\"inLanguage\":\"es\",\"@id\":\"https:\\\/\\\/sport.azemad.com\\\/es\\\/panorama-en-las-competiciones-europeas\\\/#primaryimage\",\"url\":\"https:\\\/\\\/sport.azemad.com\\\/wp-content\\\/uploads\\\/AZEMADSport_reus_copa_rey_1080x1080.jpg\",\"contentUrl\":\"https:\\\/\\\/sport.azemad.com\\\/wp-content\\\/uploads\\\/AZEMADSport_reus_copa_rey_1080x1080.jpg\",\"width\":1080,\"height\":1080},{\"@type\":\"BreadcrumbList\",\"@id\":\"https:\\\/\\\/sport.azemad.com\\\/es\\\/panorama-en-las-competiciones-europeas\\\/#breadcrumb\",\"itemListElement\":[{\"@type\":\"ListItem\",\"position\":1,\"name\":\"In\u00edcio\",\"item\":\"https:\\\/\\\/sport.azemad.com\\\/es\\\/\"},{\"@type\":\"ListItem\",\"position\":2,\"name\":\"Reus Deportiu conquista la Copa del Rey\"}]},{\"@type\":\"WebSite\",\"@id\":\"https:\\\/\\\/sport.azemad.com\\\/es\\\/#website\",\"url\":\"https:\\\/\\\/sport.azemad.com\\\/es\\\/\",\"name\":\"Azemad Sport\",\"description\":\"Artigos e Cat\u00e1logo para H\u00f3quei em Patins\",\"publisher\":{\"@id\":\"https:\\\/\\\/sport.azemad.com\\\/es\\\/#organization\"},\"potentialAction\":[{\"@type\":\"SearchAction\",\"target\":{\"@type\":\"EntryPoint\",\"urlTemplate\":\"https:\\\/\\\/sport.azemad.com\\\/es\\\/?s={search_term_string}\"},\"query-input\":{\"@type\":\"PropertyValueSpecification\",\"valueRequired\":true,\"valueName\":\"search_term_string\"}}],\"inLanguage\":\"es\"},{\"@type\":\"Organization\",\"@id\":\"https:\\\/\\\/sport.azemad.com\\\/es\\\/#organization\",\"name\":\"AZEMAD Sport\",\"alternateName\":\"Azemad Sport\",\"url\":\"https:\\\/\\\/sport.azemad.com\\\/es\\\/\",\"logo\":{\"@type\":\"ImageObject\",\"inLanguage\":\"es\",\"@id\":\"https:\\\/\\\/sport.azemad.com\\\/es\\\/#\\\/schema\\\/logo\\\/image\\\/\",\"url\":\"https:\\\/\\\/sport.azemad.com\\\/wp-content\\\/uploads\\\/2023\\\/10\\\/favicon.png\",\"contentUrl\":\"https:\\\/\\\/sport.azemad.com\\\/wp-content\\\/uploads\\\/2023\\\/10\\\/favicon.png\",\"width\":256,\"height\":256,\"caption\":\"AZEMAD Sport\"},\"image\":{\"@id\":\"https:\\\/\\\/sport.azemad.com\\\/es\\\/#\\\/schema\\\/logo\\\/image\\\/\"},\"sameAs\":[\"https:\\\/\\\/www.facebook.com\\\/azemadsport\",\"https:\\\/\\\/www.instagram.com\\\/azemad\\\/\",\"https:\\\/\\\/www.youtube.com\\\/c\\\/azemad\",\"https:\\\/\\\/www.linkedin.com\\\/company\\\/azemad\\\/\"]},{\"@type\":\"Person\",\"@id\":\"https:\\\/\\\/sport.azemad.com\\\/es\\\/#\\\/schema\\\/person\\\/d7733c74a910adf4e61fb90b461feb1c\",\"name\":\"azemad.content\"}]}<\/script>\n<!-- \/ Yoast SEO plugin. -->","yoast_head_json":{"title":"Reus Deportiu conquista la Copa del Rey","description":"\u00a1Felicidades al Reus Deportiu por ganar la Copa del Rey 2025!","robots":{"index":"index","follow":"follow","max-snippet":"max-snippet:-1","max-image-preview":"max-image-preview:large","max-video-preview":"max-video-preview:-1"},"canonical":"https:\/\/sport.azemad.com\/es\/panorama-en-las-competiciones-europeas\/","og_locale":"es_ES","og_type":"article","og_title":"Reus Deportiu conquista la Copa del Rey","og_description":"\u00a1Felicidades al Reus Deportiu por ganar la Copa del Rey 2025!","og_url":"https:\/\/sport.azemad.com\/es\/panorama-en-las-competiciones-europeas\/","og_site_name":"Azemad Sport","article_publisher":"https:\/\/www.facebook.com\/azemadsport","article_published_time":"2025-03-10T15:24:15+00:00","article_modified_time":"2025-03-14T12:16:27+00:00","og_image":[{"width":1080,"height":1080,"url":"https:\/\/sport.azemad.com\/wp-content\/uploads\/AZEMADSport_reus_copa_rey_1080x1080.jpg","type":"image\/jpeg"}],"author":"azemad.content","twitter_card":"summary_large_image","twitter_misc":{"Escrito por":"azemad.content","Tiempo de lectura":"2 minutos"},"schema":{"@context":"https:\/\/schema.org","@graph":[{"@type":"Article","@id":"https:\/\/sport.azemad.com\/es\/panorama-en-las-competiciones-europeas\/#article","isPartOf":{"@id":"https:\/\/sport.azemad.com\/es\/panorama-en-las-competiciones-europeas\/"},"author":{"name":"azemad.content","@id":"https:\/\/sport.azemad.com\/es\/#\/schema\/person\/d7733c74a910adf4e61fb90b461feb1c"},"headline":"Reus Deportiu conquista la Copa del Rey","datePublished":"2025-03-10T15:24:15+00:00","dateModified":"2025-03-14T12:16:27+00:00","mainEntityOfPage":{"@id":"https:\/\/sport.azemad.com\/es\/panorama-en-las-competiciones-europeas\/"},"wordCount":277,"commentCount":0,"publisher":{"@id":"https:\/\/sport.azemad.com\/es\/#organization"},"image":{"@id":"https:\/\/sport.azemad.com\/es\/panorama-en-las-competiciones-europeas\/#primaryimage"},"thumbnailUrl":"https:\/\/sport.azemad.com\/wp-content\/uploads\/AZEMADSport_reus_copa_rey_1080x1080.jpg","articleSection":["Desarrollos","Equipo Azemad","Sin categorizar"],"inLanguage":"es","potentialAction":[{"@type":"CommentAction","name":"Comment","target":["https:\/\/sport.azemad.com\/es\/panorama-en-las-competiciones-europeas\/#respond"]}]},{"@type":"WebPage","@id":"https:\/\/sport.azemad.com\/es\/panorama-en-las-competiciones-europeas\/","url":"https:\/\/sport.azemad.com\/es\/panorama-en-las-competiciones-europeas\/","name":"Reus Deportiu conquista la Copa del Rey","isPartOf":{"@id":"https:\/\/sport.azemad.com\/es\/#website"},"primaryImageOfPage":{"@id":"https:\/\/sport.azemad.com\/es\/panorama-en-las-competiciones-europeas\/#primaryimage"},"image":{"@id":"https:\/\/sport.azemad.com\/es\/panorama-en-las-competiciones-europeas\/#primaryimage"},"thumbnailUrl":"https:\/\/sport.azemad.com\/wp-content\/uploads\/AZEMADSport_reus_copa_rey_1080x1080.jpg","datePublished":"2025-03-10T15:24:15+00:00","dateModified":"2025-03-14T12:16:27+00:00","description":"\u00a1Felicidades al Reus Deportiu por ganar la Copa del Rey 2025!","breadcrumb":{"@id":"https:\/\/sport.azemad.com\/es\/panorama-en-las-competiciones-europeas\/#breadcrumb"},"inLanguage":"es","potentialAction":[{"@type":"ReadAction","target":["https:\/\/sport.azemad.com\/es\/panorama-en-las-competiciones-europeas\/"]}]},{"@type":"ImageObject","inLanguage":"es","@id":"https:\/\/sport.azemad.com\/es\/panorama-en-las-competiciones-europeas\/#primaryimage","url":"https:\/\/sport.azemad.com\/wp-content\/uploads\/AZEMADSport_reus_copa_rey_1080x1080.jpg","contentUrl":"https:\/\/sport.azemad.com\/wp-content\/uploads\/AZEMADSport_reus_copa_rey_1080x1080.jpg","width":1080,"height":1080},{"@type":"BreadcrumbList","@id":"https:\/\/sport.azemad.com\/es\/panorama-en-las-competiciones-europeas\/#breadcrumb","itemListElement":[{"@type":"ListItem","position":1,"name":"In\u00edcio","item":"https:\/\/sport.azemad.com\/es\/"},{"@type":"ListItem","position":2,"name":"Reus Deportiu conquista la Copa del Rey"}]},{"@type":"WebSite","@id":"https:\/\/sport.azemad.com\/es\/#website","url":"https:\/\/sport.azemad.com\/es\/","name":"Azemad Sport","description":"Artigos e Cat\u00e1logo para H\u00f3quei em Patins","publisher":{"@id":"https:\/\/sport.azemad.com\/es\/#organization"},"potentialAction":[{"@type":"SearchAction","target":{"@type":"EntryPoint","urlTemplate":"https:\/\/sport.azemad.com\/es\/?s={search_term_string}"},"query-input":{"@type":"PropertyValueSpecification","valueRequired":true,"valueName":"search_term_string"}}],"inLanguage":"es"},{"@type":"Organization","@id":"https:\/\/sport.azemad.com\/es\/#organization","name":"AZEMAD Sport","alternateName":"Azemad Sport","url":"https:\/\/sport.azemad.com\/es\/","logo":{"@type":"ImageObject","inLanguage":"es","@id":"https:\/\/sport.azemad.com\/es\/#\/schema\/logo\/image\/","url":"https:\/\/sport.azemad.com\/wp-content\/uploads\/2023\/10\/favicon.png","contentUrl":"https:\/\/sport.azemad.com\/wp-content\/uploads\/2023\/10\/favicon.png","width":256,"height":256,"caption":"AZEMAD Sport"},"image":{"@id":"https:\/\/sport.azemad.com\/es\/#\/schema\/logo\/image\/"},"sameAs":["https:\/\/www.facebook.com\/azemadsport","https:\/\/www.instagram.com\/azemad\/","https:\/\/www.youtube.com\/c\/azemad","https:\/\/www.linkedin.com\/company\/azemad\/"]},{"@type":"Person","@id":"https:\/\/sport.azemad.com\/es\/#\/schema\/person\/d7733c74a910adf4e61fb90b461feb1c","name":"azemad.content"}]}},"_links":{"self":[{"href":"https:\/\/sport.azemad.com\/es\/wp-json\/wp\/v2\/posts\/151893","targetHints":{"allow":["GET"]}}],"collection":[{"href":"https:\/\/sport.azemad.com\/es\/wp-json\/wp\/v2\/posts"}],"about":[{"href":"https:\/\/sport.azemad.com\/es\/wp-json\/wp\/v2\/types\/post"}],"author":[{"embeddable":true,"href":"https:\/\/sport.azemad.com\/es\/wp-json\/wp\/v2\/users\/8"}],"replies":[{"embeddable":true,"href":"https:\/\/sport.azemad.com\/es\/wp-json\/wp\/v2\/comments?post=151893"}],"version-history":[{"count":9,"href":"https:\/\/sport.azemad.com\/es\/wp-json\/wp\/v2\/posts\/151893\/revisions"}],"predecessor-version":[{"id":152472,"href":"https:\/\/sport.azemad.com\/es\/wp-json\/wp\/v2\/posts\/151893\/revisions\/152472"}],"wp:featuredmedia":[{"embeddable":true,"href":"https:\/\/sport.azemad.com\/es\/wp-json\/wp\/v2\/media\/152168"}],"wp:attachment":[{"href":"https:\/\/sport.azemad.com\/es\/wp-json\/wp\/v2\/media?parent=151893"}],"wp:term":[{"taxonomy":"category","embeddable":true,"href":"https:\/\/sport.azemad.com\/es\/wp-json\/wp\/v2\/categories?post=151893"},{"taxonomy":"post_tag","embeddable":true,"href":"https:\/\/sport.azemad.com\/es\/wp-json\/wp\/v2\/tags?post=151893"}],"curies":[{"name":"wp","href":"https:\/\/api.w.org\/{rel}","templated":true}]}}