{"id":178082,"date":"2026-09-01T10:39:11","date_gmt":"2026-09-01T09:39:11","guid":{"rendered":"https:\/\/sport.azemad.com\/?p=178082"},"modified":"2026-09-01T10:54:25","modified_gmt":"2026-09-01T09:54:25","slug":"azemad-prolonga-su-asociacion-con-el-real-club-jolaseta","status":"publish","type":"post","link":"https:\/\/sport.azemad.com\/es\/azemad-prolonga-su-asociacion-con-el-real-club-jolaseta\/","title":{"rendered":"AZEMAD prolonga su asociaci\u00f3n con el Real Club Jolaseta"},"content":{"rendered":"\n<p class=\"wp-block-paragraph\">AZEMAD anuncia la renovaci\u00f3n de su colaboraci\u00f3n con el <a href=\"https:\/\/jolaseta.com\/\">Real Club Jolaseta<\/a> para la temporada 2026\/2027.<\/p>\n\n\n\n<p class=\"wp-block-paragraph\">En el marco de este acuerdo, AZEMAD continuar\u00e1 suministrando material al equipo de hockey sobre patines del RC Jolaseta, garantizando altos est\u00e1ndares de calidad, innovaci\u00f3n y rendimiento.<\/p>\n\n\n\n<p class=\"wp-block-paragraph\">Esta asociaci\u00f3n representa una alineaci\u00f3n estrat\u00e9gica entre dos entidades comprometidas con el desarrollo de la modalidad, valorando la formaci\u00f3n, el rendimiento y la evoluci\u00f3n continua de los atletas.<\/p>\n\n\n\n<p class=\"wp-block-paragraph\">AZEMAD considera que esta colaboraci\u00f3n seguir\u00e1 reforzando la competitividad del RC Jolaseta, al mismo tiempo que consolida su presencia junto a clubes de referencia en el panorama del hockey sobre patines.<\/p>\n\n\n\n<p class=\"wp-block-paragraph\">Estamos muy satisfechos de dar continuidad a esta asociaci\u00f3n y confiamos en que ser\u00e1 una temporada de \u00e9xito para ambas partes.<\/p>\n\n\n\n<p class=\"wp-block-paragraph\">\u00a1Deseamos al RC Jolaseta una excelente temporada!<\/p>\n\n\n\n<p class=\"wp-block-paragraph\"><\/p>\n","protected":false},"excerpt":{"rendered":"<p>AZEMAD ha renovado su colaboraci\u00f3n con el Real Club Jolaseta para la temporada 2026\/2027<\/p>\n","protected":false},"author":993,"featured_media":180748,"comment_status":"closed","ping_status":"closed","sticky":false,"template":"","format":"standard","meta":{"_acf_changed":false,"footnotes":""},"categories":[56,924],"tags":[],"class_list":["post-178082","post","type-post","status-publish","format-standard","has-post-thumbnail","hentry","category-equipa-azemad","category-equipo-azemad"],"acf":[],"yoast_head":"<!-- This site is optimized with the Yoast SEO plugin v28.3 - https:\/\/yoast.com\/product\/yoast-seo-wordpress\/ -->\n<title>AZEMAD prolonga su asociaci\u00f3n con el Real Club Jolaseta<\/title>\n<meta name=\"description\" content=\"AZEMAD renueva la asociaci\u00f3n con el Real Club Jolaseta para la pr\u00f3xima temporada 2026\/2027, como proveedor de equipamiento deportivo.\" \/>\n<meta name=\"robots\" content=\"index, follow, max-snippet:-1, max-image-preview:large, max-video-preview:-1\" \/>\n<link rel=\"canonical\" href=\"https:\/\/sport.azemad.com\/es\/azemad-prolonga-su-asociacion-con-el-real-club-jolaseta\/\" \/>\n<meta property=\"og:locale\" content=\"es_ES\" \/>\n<meta property=\"og:type\" content=\"article\" \/>\n<meta property=\"og:title\" content=\"AZEMAD prolonga su asociaci\u00f3n con el Real Club Jolaseta\" \/>\n<meta property=\"og:description\" content=\"AZEMAD renueva la asociaci\u00f3n con el Real Club Jolaseta para la pr\u00f3xima temporada 2026\/2027, como proveedor de equipamiento deportivo.\" \/>\n<meta property=\"og:url\" content=\"https:\/\/sport.azemad.com\/es\/azemad-prolonga-su-asociacion-con-el-real-club-jolaseta\/\" \/>\n<meta property=\"og:site_name\" content=\"Azemad Sport\" \/>\n<meta property=\"article:publisher\" content=\"https:\/\/www.facebook.com\/azemadsport\" \/>\n<meta property=\"article:published_time\" content=\"2026-09-01T09:39:11+00:00\" \/>\n<meta property=\"article:modified_time\" content=\"2026-09-01T09:54:25+00:00\" \/>\n<meta property=\"og:image\" content=\"https:\/\/sport.azemad.com\/wp-content\/uploads\/1080_jolaseta.png\" \/>\n\t<meta property=\"og:image:width\" content=\"1080\" \/>\n\t<meta property=\"og:image:height\" content=\"1080\" \/>\n\t<meta property=\"og:image:type\" content=\"image\/png\" \/>\n<meta name=\"author\" content=\"Margarida Ant\u00f3nio\" \/>\n<meta name=\"twitter:card\" content=\"summary_large_image\" \/>\n<meta name=\"twitter:label1\" content=\"Escrito por\" \/>\n\t<meta name=\"twitter:data1\" content=\"Margarida Ant\u00f3nio\" \/>\n\t<meta name=\"twitter:label2\" content=\"Tiempo de lectura\" \/>\n\t<meta name=\"twitter:data2\" content=\"1 minuto\" \/>\n<script type=\"application\/ld+json\" class=\"yoast-schema-graph\">{\"@context\":\"https:\\\/\\\/schema.org\",\"@graph\":[{\"@type\":\"Article\",\"@id\":\"https:\\\/\\\/sport.azemad.com\\\/es\\\/azemad-prolonga-su-asociacion-con-el-real-club-jolaseta\\\/#article\",\"isPartOf\":{\"@id\":\"https:\\\/\\\/sport.azemad.com\\\/es\\\/azemad-prolonga-su-asociacion-con-el-real-club-jolaseta\\\/\"},\"author\":{\"name\":\"Margarida Ant\u00f3nio\",\"@id\":\"https:\\\/\\\/sport.azemad.com\\\/es\\\/#\\\/schema\\\/person\\\/6cb22f8e82d6d700811df6c61e7afc4b\"},\"headline\":\"AZEMAD prolonga su asociaci\u00f3n con el Real Club Jolaseta\",\"datePublished\":\"2026-09-01T09:39:11+00:00\",\"dateModified\":\"2026-09-01T09:54:25+00:00\",\"mainEntityOfPage\":{\"@id\":\"https:\\\/\\\/sport.azemad.com\\\/es\\\/azemad-prolonga-su-asociacion-con-el-real-club-jolaseta\\\/\"},\"wordCount\":150,\"publisher\":{\"@id\":\"https:\\\/\\\/sport.azemad.com\\\/es\\\/#organization\"},\"image\":{\"@id\":\"https:\\\/\\\/sport.azemad.com\\\/es\\\/azemad-prolonga-su-asociacion-con-el-real-club-jolaseta\\\/#primaryimage\"},\"thumbnailUrl\":\"https:\\\/\\\/sport.azemad.com\\\/wp-content\\\/uploads\\\/1080_jolaseta.png\",\"articleSection\":[\"Equipa Azemad\",\"Equipo Azemad\"],\"inLanguage\":\"es\"},{\"@type\":\"WebPage\",\"@id\":\"https:\\\/\\\/sport.azemad.com\\\/es\\\/azemad-prolonga-su-asociacion-con-el-real-club-jolaseta\\\/\",\"url\":\"https:\\\/\\\/sport.azemad.com\\\/es\\\/azemad-prolonga-su-asociacion-con-el-real-club-jolaseta\\\/\",\"name\":\"AZEMAD prolonga su asociaci\u00f3n con el Real Club Jolaseta\",\"isPartOf\":{\"@id\":\"https:\\\/\\\/sport.azemad.com\\\/es\\\/#website\"},\"primaryImageOfPage\":{\"@id\":\"https:\\\/\\\/sport.azemad.com\\\/es\\\/azemad-prolonga-su-asociacion-con-el-real-club-jolaseta\\\/#primaryimage\"},\"image\":{\"@id\":\"https:\\\/\\\/sport.azemad.com\\\/es\\\/azemad-prolonga-su-asociacion-con-el-real-club-jolaseta\\\/#primaryimage\"},\"thumbnailUrl\":\"https:\\\/\\\/sport.azemad.com\\\/wp-content\\\/uploads\\\/1080_jolaseta.png\",\"datePublished\":\"2026-09-01T09:39:11+00:00\",\"dateModified\":\"2026-09-01T09:54:25+00:00\",\"description\":\"AZEMAD renueva la asociaci\u00f3n con el Real Club Jolaseta para la pr\u00f3xima temporada 2026\\\/2027, como proveedor de equipamiento deportivo.\",\"breadcrumb\":{\"@id\":\"https:\\\/\\\/sport.azemad.com\\\/es\\\/azemad-prolonga-su-asociacion-con-el-real-club-jolaseta\\\/#breadcrumb\"},\"inLanguage\":\"es\",\"potentialAction\":[{\"@type\":\"ReadAction\",\"target\":[\"https:\\\/\\\/sport.azemad.com\\\/es\\\/azemad-prolonga-su-asociacion-con-el-real-club-jolaseta\\\/\"]}]},{\"@type\":\"ImageObject\",\"inLanguage\":\"es\",\"@id\":\"https:\\\/\\\/sport.azemad.com\\\/es\\\/azemad-prolonga-su-asociacion-con-el-real-club-jolaseta\\\/#primaryimage\",\"url\":\"https:\\\/\\\/sport.azemad.com\\\/wp-content\\\/uploads\\\/1080_jolaseta.png\",\"contentUrl\":\"https:\\\/\\\/sport.azemad.com\\\/wp-content\\\/uploads\\\/1080_jolaseta.png\",\"width\":1080,\"height\":1080},{\"@type\":\"BreadcrumbList\",\"@id\":\"https:\\\/\\\/sport.azemad.com\\\/es\\\/azemad-prolonga-su-asociacion-con-el-real-club-jolaseta\\\/#breadcrumb\",\"itemListElement\":[{\"@type\":\"ListItem\",\"position\":1,\"name\":\"In\u00edcio\",\"item\":\"https:\\\/\\\/sport.azemad.com\\\/es\\\/\"},{\"@type\":\"ListItem\",\"position\":2,\"name\":\"AZEMAD prolonga su asociaci\u00f3n con el Real Club Jolaseta\"}]},{\"@type\":\"WebSite\",\"@id\":\"https:\\\/\\\/sport.azemad.com\\\/es\\\/#website\",\"url\":\"https:\\\/\\\/sport.azemad.com\\\/es\\\/\",\"name\":\"Azemad Sport\",\"description\":\"Artigos e Cat\u00e1logo para H\u00f3quei em Patins\",\"publisher\":{\"@id\":\"https:\\\/\\\/sport.azemad.com\\\/es\\\/#organization\"},\"potentialAction\":[{\"@type\":\"SearchAction\",\"target\":{\"@type\":\"EntryPoint\",\"urlTemplate\":\"https:\\\/\\\/sport.azemad.com\\\/es\\\/?s={search_term_string}\"},\"query-input\":{\"@type\":\"PropertyValueSpecification\",\"valueRequired\":true,\"valueName\":\"search_term_string\"}}],\"inLanguage\":\"es\"},{\"@type\":\"Organization\",\"@id\":\"https:\\\/\\\/sport.azemad.com\\\/es\\\/#organization\",\"name\":\"AZEMAD Sport\",\"alternateName\":\"Azemad Sport\",\"url\":\"https:\\\/\\\/sport.azemad.com\\\/es\\\/\",\"logo\":{\"@type\":\"ImageObject\",\"inLanguage\":\"es\",\"@id\":\"https:\\\/\\\/sport.azemad.com\\\/es\\\/#\\\/schema\\\/logo\\\/image\\\/\",\"url\":\"https:\\\/\\\/sport.azemad.com\\\/wp-content\\\/uploads\\\/2023\\\/10\\\/favicon.png\",\"contentUrl\":\"https:\\\/\\\/sport.azemad.com\\\/wp-content\\\/uploads\\\/2023\\\/10\\\/favicon.png\",\"width\":256,\"height\":256,\"caption\":\"AZEMAD Sport\"},\"image\":{\"@id\":\"https:\\\/\\\/sport.azemad.com\\\/es\\\/#\\\/schema\\\/logo\\\/image\\\/\"},\"sameAs\":[\"https:\\\/\\\/www.facebook.com\\\/azemadsport\",\"https:\\\/\\\/www.instagram.com\\\/azemad\\\/\",\"https:\\\/\\\/www.youtube.com\\\/c\\\/azemad\",\"https:\\\/\\\/www.linkedin.com\\\/company\\\/azemad\\\/\"]},{\"@type\":\"Person\",\"@id\":\"https:\\\/\\\/sport.azemad.com\\\/es\\\/#\\\/schema\\\/person\\\/6cb22f8e82d6d700811df6c61e7afc4b\",\"name\":\"Margarida Ant\u00f3nio\"}]}<\/script>\n<!-- \/ Yoast SEO plugin. -->","yoast_head_json":{"title":"AZEMAD prolonga su asociaci\u00f3n con el Real Club Jolaseta","description":"AZEMAD renueva la asociaci\u00f3n con el Real Club Jolaseta para la pr\u00f3xima temporada 2026\/2027, como proveedor de equipamiento deportivo.","robots":{"index":"index","follow":"follow","max-snippet":"max-snippet:-1","max-image-preview":"max-image-preview:large","max-video-preview":"max-video-preview:-1"},"canonical":"https:\/\/sport.azemad.com\/es\/azemad-prolonga-su-asociacion-con-el-real-club-jolaseta\/","og_locale":"es_ES","og_type":"article","og_title":"AZEMAD prolonga su asociaci\u00f3n con el Real Club Jolaseta","og_description":"AZEMAD renueva la asociaci\u00f3n con el Real Club Jolaseta para la pr\u00f3xima temporada 2026\/2027, como proveedor de equipamiento deportivo.","og_url":"https:\/\/sport.azemad.com\/es\/azemad-prolonga-su-asociacion-con-el-real-club-jolaseta\/","og_site_name":"Azemad Sport","article_publisher":"https:\/\/www.facebook.com\/azemadsport","article_published_time":"2026-09-01T09:39:11+00:00","article_modified_time":"2026-09-01T09:54:25+00:00","og_image":[{"width":1080,"height":1080,"url":"https:\/\/sport.azemad.com\/wp-content\/uploads\/1080_jolaseta.png","type":"image\/png"}],"author":"Margarida Ant\u00f3nio","twitter_card":"summary_large_image","twitter_misc":{"Escrito por":"Margarida Ant\u00f3nio","Tiempo de lectura":"1 minuto"},"schema":{"@context":"https:\/\/schema.org","@graph":[{"@type":"Article","@id":"https:\/\/sport.azemad.com\/es\/azemad-prolonga-su-asociacion-con-el-real-club-jolaseta\/#article","isPartOf":{"@id":"https:\/\/sport.azemad.com\/es\/azemad-prolonga-su-asociacion-con-el-real-club-jolaseta\/"},"author":{"name":"Margarida Ant\u00f3nio","@id":"https:\/\/sport.azemad.com\/es\/#\/schema\/person\/6cb22f8e82d6d700811df6c61e7afc4b"},"headline":"AZEMAD prolonga su asociaci\u00f3n con el Real Club Jolaseta","datePublished":"2026-09-01T09:39:11+00:00","dateModified":"2026-09-01T09:54:25+00:00","mainEntityOfPage":{"@id":"https:\/\/sport.azemad.com\/es\/azemad-prolonga-su-asociacion-con-el-real-club-jolaseta\/"},"wordCount":150,"publisher":{"@id":"https:\/\/sport.azemad.com\/es\/#organization"},"image":{"@id":"https:\/\/sport.azemad.com\/es\/azemad-prolonga-su-asociacion-con-el-real-club-jolaseta\/#primaryimage"},"thumbnailUrl":"https:\/\/sport.azemad.com\/wp-content\/uploads\/1080_jolaseta.png","articleSection":["Equipa Azemad","Equipo Azemad"],"inLanguage":"es"},{"@type":"WebPage","@id":"https:\/\/sport.azemad.com\/es\/azemad-prolonga-su-asociacion-con-el-real-club-jolaseta\/","url":"https:\/\/sport.azemad.com\/es\/azemad-prolonga-su-asociacion-con-el-real-club-jolaseta\/","name":"AZEMAD prolonga su asociaci\u00f3n con el Real Club Jolaseta","isPartOf":{"@id":"https:\/\/sport.azemad.com\/es\/#website"},"primaryImageOfPage":{"@id":"https:\/\/sport.azemad.com\/es\/azemad-prolonga-su-asociacion-con-el-real-club-jolaseta\/#primaryimage"},"image":{"@id":"https:\/\/sport.azemad.com\/es\/azemad-prolonga-su-asociacion-con-el-real-club-jolaseta\/#primaryimage"},"thumbnailUrl":"https:\/\/sport.azemad.com\/wp-content\/uploads\/1080_jolaseta.png","datePublished":"2026-09-01T09:39:11+00:00","dateModified":"2026-09-01T09:54:25+00:00","description":"AZEMAD renueva la asociaci\u00f3n con el Real Club Jolaseta para la pr\u00f3xima temporada 2026\/2027, como proveedor de equipamiento deportivo.","breadcrumb":{"@id":"https:\/\/sport.azemad.com\/es\/azemad-prolonga-su-asociacion-con-el-real-club-jolaseta\/#breadcrumb"},"inLanguage":"es","potentialAction":[{"@type":"ReadAction","target":["https:\/\/sport.azemad.com\/es\/azemad-prolonga-su-asociacion-con-el-real-club-jolaseta\/"]}]},{"@type":"ImageObject","inLanguage":"es","@id":"https:\/\/sport.azemad.com\/es\/azemad-prolonga-su-asociacion-con-el-real-club-jolaseta\/#primaryimage","url":"https:\/\/sport.azemad.com\/wp-content\/uploads\/1080_jolaseta.png","contentUrl":"https:\/\/sport.azemad.com\/wp-content\/uploads\/1080_jolaseta.png","width":1080,"height":1080},{"@type":"BreadcrumbList","@id":"https:\/\/sport.azemad.com\/es\/azemad-prolonga-su-asociacion-con-el-real-club-jolaseta\/#breadcrumb","itemListElement":[{"@type":"ListItem","position":1,"name":"In\u00edcio","item":"https:\/\/sport.azemad.com\/es\/"},{"@type":"ListItem","position":2,"name":"AZEMAD prolonga su asociaci\u00f3n con el Real Club Jolaseta"}]},{"@type":"WebSite","@id":"https:\/\/sport.azemad.com\/es\/#website","url":"https:\/\/sport.azemad.com\/es\/","name":"Azemad Sport","description":"Artigos e Cat\u00e1logo para H\u00f3quei em Patins","publisher":{"@id":"https:\/\/sport.azemad.com\/es\/#organization"},"potentialAction":[{"@type":"SearchAction","target":{"@type":"EntryPoint","urlTemplate":"https:\/\/sport.azemad.com\/es\/?s={search_term_string}"},"query-input":{"@type":"PropertyValueSpecification","valueRequired":true,"valueName":"search_term_string"}}],"inLanguage":"es"},{"@type":"Organization","@id":"https:\/\/sport.azemad.com\/es\/#organization","name":"AZEMAD Sport","alternateName":"Azemad Sport","url":"https:\/\/sport.azemad.com\/es\/","logo":{"@type":"ImageObject","inLanguage":"es","@id":"https:\/\/sport.azemad.com\/es\/#\/schema\/logo\/image\/","url":"https:\/\/sport.azemad.com\/wp-content\/uploads\/2023\/10\/favicon.png","contentUrl":"https:\/\/sport.azemad.com\/wp-content\/uploads\/2023\/10\/favicon.png","width":256,"height":256,"caption":"AZEMAD Sport"},"image":{"@id":"https:\/\/sport.azemad.com\/es\/#\/schema\/logo\/image\/"},"sameAs":["https:\/\/www.facebook.com\/azemadsport","https:\/\/www.instagram.com\/azemad\/","https:\/\/www.youtube.com\/c\/azemad","https:\/\/www.linkedin.com\/company\/azemad\/"]},{"@type":"Person","@id":"https:\/\/sport.azemad.com\/es\/#\/schema\/person\/6cb22f8e82d6d700811df6c61e7afc4b","name":"Margarida Ant\u00f3nio"}]}},"_links":{"self":[{"href":"https:\/\/sport.azemad.com\/es\/wp-json\/wp\/v2\/posts\/178082","targetHints":{"allow":["GET"]}}],"collection":[{"href":"https:\/\/sport.azemad.com\/es\/wp-json\/wp\/v2\/posts"}],"about":[{"href":"https:\/\/sport.azemad.com\/es\/wp-json\/wp\/v2\/types\/post"}],"author":[{"embeddable":true,"href":"https:\/\/sport.azemad.com\/es\/wp-json\/wp\/v2\/users\/993"}],"replies":[{"embeddable":true,"href":"https:\/\/sport.azemad.com\/es\/wp-json\/wp\/v2\/comments?post=178082"}],"version-history":[{"count":4,"href":"https:\/\/sport.azemad.com\/es\/wp-json\/wp\/v2\/posts\/178082\/revisions"}],"predecessor-version":[{"id":180754,"href":"https:\/\/sport.azemad.com\/es\/wp-json\/wp\/v2\/posts\/178082\/revisions\/180754"}],"wp:featuredmedia":[{"embeddable":true,"href":"https:\/\/sport.azemad.com\/es\/wp-json\/wp\/v2\/media\/180748"}],"wp:attachment":[{"href":"https:\/\/sport.azemad.com\/es\/wp-json\/wp\/v2\/media?parent=178082"}],"wp:term":[{"taxonomy":"category","embeddable":true,"href":"https:\/\/sport.azemad.com\/es\/wp-json\/wp\/v2\/categories?post=178082"},{"taxonomy":"post_tag","embeddable":true,"href":"https:\/\/sport.azemad.com\/es\/wp-json\/wp\/v2\/tags?post=178082"}],"curies":[{"name":"wp","href":"https:\/\/api.w.org\/{rel}","templated":true}]}}