{"id":5245,"date":"2020-03-11T16:08:00","date_gmt":"2020-03-11T16:08:00","guid":{"rendered":"https:\/\/azemad.assemble.website\/gala-de-patinagem-catala\/"},"modified":"2024-01-22T11:47:31","modified_gmt":"2024-01-22T11:47:31","slug":"gala-de-patinaje-catalana-es","status":"publish","type":"post","link":"https:\/\/sport.azemad.com\/es\/gala-de-patinaje-catalana-es\/","title":{"rendered":"Gala de Patinaje Catalana"},"content":{"rendered":"\n<p class=\"has-text-align-center\">El 10 de marzo de 2020 tuvo lugar la<strong> tercera edici\u00f3n de la Gala de Patinaje Catalana<\/strong>, donde <strong>AZEMAD fue distinguida con la Placa de Federaci\u00f3n<\/strong> (Personalidades, instituciones, patrocinadores o medios de comunicaci\u00f3n importantes para la Federaci\u00f3n de Patinaje de Catalu\u00f1a)y donde tuvo representaci\u00f3n de sus jugadores patrocinados &#8211; <strong>Ferran Font, Anna Casarramona y Roc Pujadas<\/strong> &#8211; y su presencia se\u00f1alada a trav\u00e9s del representante oficial de Catalu\u00f1a, Almat\u00f3 Dordal de la tienda Hockeymania.<\/p>\n\n\n\n<figure class=\"wp-block-image aligncenter size-large\"><img fetchpriority=\"high\" decoding=\"async\" width=\"1024\" height=\"1024\" src=\"https:\/\/azemad.assemble.website\/wp-content\/uploads\/2024\/01\/5f22c6bf05f4b44f72c96ce1_Poster-1024x1024.jpg\" alt=\"\" class=\"wp-image-5230\" srcset=\"https:\/\/sport.azemad.com\/wp-content\/uploads\/2024\/01\/5f22c6bf05f4b44f72c96ce1_Poster-1024x1024.jpg 1024w, https:\/\/sport.azemad.com\/wp-content\/uploads\/2024\/01\/5f22c6bf05f4b44f72c96ce1_Poster-300x300.jpg 300w, https:\/\/sport.azemad.com\/wp-content\/uploads\/2024\/01\/5f22c6bf05f4b44f72c96ce1_Poster-100x100.jpg 100w, https:\/\/sport.azemad.com\/wp-content\/uploads\/2024\/01\/5f22c6bf05f4b44f72c96ce1_Poster-600x600.jpg 600w, https:\/\/sport.azemad.com\/wp-content\/uploads\/2024\/01\/5f22c6bf05f4b44f72c96ce1_Poster-150x150.jpg 150w, https:\/\/sport.azemad.com\/wp-content\/uploads\/2024\/01\/5f22c6bf05f4b44f72c96ce1_Poster-768x768.jpg 768w, https:\/\/sport.azemad.com\/wp-content\/uploads\/2024\/01\/5f22c6bf05f4b44f72c96ce1_Poster.jpg 1080w\" sizes=\"(max-width: 1024px) 100vw, 1024px\" \/><\/figure>\n\n\n\n<p class=\"has-text-align-center\">\u200d<a href=\"https:\/\/www.instagram.com\/ferranfont9\" target=\"_blank\" rel=\"noreferrer noopener\"><strong>Ferran Font<\/strong><\/a>, Medalla de Bronce en los World Roller Games Barcelona 2020, adem\u00e1s del Galard\u00f3n de Equipo recibi\u00f3 tambi\u00e9n el Premio de <strong>Mejor Atleta en la modalidad de Hockey en Patines Masculino<\/strong>.<\/p>\n\n\n\n<p class=\"has-text-align-center\">\u200d<a href=\"https:\/\/www.instagram.com\/casarramona5\" target=\"_blank\" rel=\"noreferrer noopener\"><strong>Anna Casarramona<\/strong><\/a>, medalla de oro femenina en los World Roller Games 2020, recibi\u00f3 la merecida <strong>distinci\u00f3n como capit\u00e1n de la selecci\u00f3n espa\u00f1ola<\/strong>. Su compa\u00f1era de selecci\u00f3n y del club CP Manlleu, Maria D\u00edez, fue distinguida con el premio de Mejor Atleta Femenina.<\/p>\n\n\n\n<figure class=\"wp-block-image aligncenter size-large is-resized\"><img decoding=\"async\" width=\"1024\" height=\"576\" src=\"https:\/\/azemad.assemble.website\/wp-content\/uploads\/2024\/01\/5f22c5dde75c1f3c21dc2947_GalaPatinagem-1024x576.jpg\" alt=\"\" class=\"wp-image-5233\" style=\"width:840px;height:auto\" srcset=\"https:\/\/sport.azemad.com\/wp-content\/uploads\/2024\/01\/5f22c5dde75c1f3c21dc2947_GalaPatinagem-1024x576.jpg 1024w, https:\/\/sport.azemad.com\/wp-content\/uploads\/2024\/01\/5f22c5dde75c1f3c21dc2947_GalaPatinagem-300x169.jpg 300w, https:\/\/sport.azemad.com\/wp-content\/uploads\/2024\/01\/5f22c5dde75c1f3c21dc2947_GalaPatinagem-600x338.jpg 600w, https:\/\/sport.azemad.com\/wp-content\/uploads\/2024\/01\/5f22c5dde75c1f3c21dc2947_GalaPatinagem-768x432.jpg 768w, https:\/\/sport.azemad.com\/wp-content\/uploads\/2024\/01\/5f22c5dde75c1f3c21dc2947_GalaPatinagem-1536x864.jpg 1536w, https:\/\/sport.azemad.com\/wp-content\/uploads\/2024\/01\/5f22c5dde75c1f3c21dc2947_GalaPatinagem.jpg 1920w\" sizes=\"(max-width: 1024px) 100vw, 1024px\" \/><\/figure>\n\n\n\n<p class=\"has-text-align-center\"><em>Mar\u00eda D\u00edez, Anna Casarramona e Almat\u00f3 Dordal com o Pr\u00e9mio galardoado \u00e0 AZEMAD \u00abPlaca de Federa\u00e7\u00e3o\u00bb<\/em><\/p>\n\n\n\n<p class=\"has-text-align-center\">\u200d\u200d<a href=\"https:\/\/www.instagram.com\/rocpujadas29\" target=\"_blank\" rel=\"noreferrer noopener\"><strong>Roc Pujadas<\/strong><\/a>, medalla de oro sub-19 en los World Roller Games 2020, tambi\u00e9n recibi\u00f3 el debido Galard\u00f3n de Equipo por su medalla de Oro, a\u00f1adiendo tambi\u00e9n a su palmar\u00e9s el <strong>Premio de Joven Promesa de Hockey en Patines Masculino.<\/strong><\/p>\n\n\n\n<figure class=\"wp-block-image aligncenter size-large\"><img decoding=\"async\" width=\"1024\" height=\"536\" src=\"https:\/\/azemad.assemble.website\/wp-content\/uploads\/2024\/01\/5f22c511771b6a32f2ed7abc_Roc-Pujadas-03-1024x536.png\" alt=\"\" class=\"wp-image-5236\" srcset=\"https:\/\/sport.azemad.com\/wp-content\/uploads\/2024\/01\/5f22c511771b6a32f2ed7abc_Roc-Pujadas-03-1024x536.png 1024w, https:\/\/sport.azemad.com\/wp-content\/uploads\/2024\/01\/5f22c511771b6a32f2ed7abc_Roc-Pujadas-03-300x157.png 300w, https:\/\/sport.azemad.com\/wp-content\/uploads\/2024\/01\/5f22c511771b6a32f2ed7abc_Roc-Pujadas-03-600x314.png 600w, https:\/\/sport.azemad.com\/wp-content\/uploads\/2024\/01\/5f22c511771b6a32f2ed7abc_Roc-Pujadas-03-768x402.png 768w, https:\/\/sport.azemad.com\/wp-content\/uploads\/2024\/01\/5f22c511771b6a32f2ed7abc_Roc-Pujadas-03-1536x804.png 1536w, https:\/\/sport.azemad.com\/wp-content\/uploads\/2024\/01\/5f22c511771b6a32f2ed7abc_Roc-Pujadas-03-2048x1072.png 2048w\" sizes=\"(max-width: 1024px) 100vw, 1024px\" \/><\/figure>\n\n\n\n<p class=\"has-text-align-center\"><em>Roc Pujadas, al centro, a recibir el Premio de la Joven Promesa<\/em><\/p>\n\n\n\n<p>\u200d<\/p>\n\n\n\n<p>\u200d<\/p>\n","protected":false},"excerpt":{"rendered":"<p>AZEMAD distinguida con Placa de Federaci\u00f3n<\/p>\n","protected":false},"author":8,"featured_media":5990,"comment_status":"open","ping_status":"open","sticky":false,"template":"","format":"standard","meta":{"_acf_changed":false,"footnotes":""},"categories":[924,777],"tags":[],"class_list":["post-5245","post","type-post","status-publish","format-standard","has-post-thumbnail","hentry","category-equipo-azemad","category-eventos-es"],"acf":[],"yoast_head":"<!-- This site is optimized with the Yoast SEO plugin v27.4 - https:\/\/yoast.com\/product\/yoast-seo-wordpress\/ -->\n<title>Gala de Patinaje Catalana<\/title>\n<meta name=\"description\" content=\"AZEMAD distinguida con Placa de Federaci\u00f3n\" \/>\n<meta name=\"robots\" content=\"index, follow, max-snippet:-1, max-image-preview:large, max-video-preview:-1\" \/>\n<link rel=\"canonical\" href=\"https:\/\/sport.azemad.com\/es\/gala-de-patinaje-catalana-es\/\" \/>\n<meta property=\"og:locale\" content=\"es_ES\" \/>\n<meta property=\"og:type\" content=\"article\" \/>\n<meta property=\"og:title\" content=\"Gala de Patinaje Catalana\" \/>\n<meta property=\"og:description\" content=\"AZEMAD distinguida con Placa de Federaci\u00f3n\" \/>\n<meta property=\"og:url\" content=\"https:\/\/sport.azemad.com\/es\/gala-de-patinaje-catalana-es\/\" \/>\n<meta property=\"og:site_name\" content=\"Azemad Sport\" \/>\n<meta property=\"article:publisher\" content=\"https:\/\/www.facebook.com\/azemadsport\" \/>\n<meta property=\"article:published_time\" content=\"2020-03-11T16:08:00+00:00\" \/>\n<meta property=\"article:modified_time\" content=\"2024-01-22T11:47:31+00:00\" \/>\n<meta property=\"og:image\" content=\"https:\/\/sport.azemad.com\/wp-content\/uploads\/2020\/03\/Gala-Patinagem-Catala_1080x1080.png\" \/>\n\t<meta property=\"og:image:width\" content=\"1080\" \/>\n\t<meta property=\"og:image:height\" content=\"1080\" \/>\n\t<meta property=\"og:image:type\" content=\"image\/png\" \/>\n<meta name=\"author\" content=\"azemad.content\" \/>\n<meta name=\"twitter:card\" content=\"summary_large_image\" \/>\n<meta name=\"twitter:label1\" content=\"Escrito por\" \/>\n\t<meta name=\"twitter:data1\" content=\"azemad.content\" \/>\n\t<meta name=\"twitter:label2\" content=\"Tiempo de lectura\" \/>\n\t<meta name=\"twitter:data2\" content=\"3 minutos\" \/>\n<script type=\"application\/ld+json\" class=\"yoast-schema-graph\">{\"@context\":\"https:\\\/\\\/schema.org\",\"@graph\":[{\"@type\":\"Article\",\"@id\":\"https:\\\/\\\/sport.azemad.com\\\/es\\\/gala-de-patinaje-catalana-es\\\/#article\",\"isPartOf\":{\"@id\":\"https:\\\/\\\/sport.azemad.com\\\/es\\\/gala-de-patinaje-catalana-es\\\/\"},\"author\":{\"name\":\"azemad.content\",\"@id\":\"https:\\\/\\\/sport.azemad.com\\\/es\\\/#\\\/schema\\\/person\\\/d7733c74a910adf4e61fb90b461feb1c\"},\"headline\":\"Gala de Patinaje Catalana\",\"datePublished\":\"2020-03-11T16:08:00+00:00\",\"dateModified\":\"2024-01-22T11:47:31+00:00\",\"mainEntityOfPage\":{\"@id\":\"https:\\\/\\\/sport.azemad.com\\\/es\\\/gala-de-patinaje-catalana-es\\\/\"},\"wordCount\":242,\"commentCount\":0,\"publisher\":{\"@id\":\"https:\\\/\\\/sport.azemad.com\\\/es\\\/#organization\"},\"image\":{\"@id\":\"https:\\\/\\\/sport.azemad.com\\\/es\\\/gala-de-patinaje-catalana-es\\\/#primaryimage\"},\"thumbnailUrl\":\"https:\\\/\\\/sport.azemad.com\\\/wp-content\\\/uploads\\\/2020\\\/03\\\/Gala-Patinagem-Catala_1080x1080.png\",\"articleSection\":[\"Equipo Azemad\",\"Eventos\"],\"inLanguage\":\"es\",\"potentialAction\":[{\"@type\":\"CommentAction\",\"name\":\"Comment\",\"target\":[\"https:\\\/\\\/sport.azemad.com\\\/es\\\/gala-de-patinaje-catalana-es\\\/#respond\"]}]},{\"@type\":\"WebPage\",\"@id\":\"https:\\\/\\\/sport.azemad.com\\\/es\\\/gala-de-patinaje-catalana-es\\\/\",\"url\":\"https:\\\/\\\/sport.azemad.com\\\/es\\\/gala-de-patinaje-catalana-es\\\/\",\"name\":\"Gala de Patinaje Catalana\",\"isPartOf\":{\"@id\":\"https:\\\/\\\/sport.azemad.com\\\/es\\\/#website\"},\"primaryImageOfPage\":{\"@id\":\"https:\\\/\\\/sport.azemad.com\\\/es\\\/gala-de-patinaje-catalana-es\\\/#primaryimage\"},\"image\":{\"@id\":\"https:\\\/\\\/sport.azemad.com\\\/es\\\/gala-de-patinaje-catalana-es\\\/#primaryimage\"},\"thumbnailUrl\":\"https:\\\/\\\/sport.azemad.com\\\/wp-content\\\/uploads\\\/2020\\\/03\\\/Gala-Patinagem-Catala_1080x1080.png\",\"datePublished\":\"2020-03-11T16:08:00+00:00\",\"dateModified\":\"2024-01-22T11:47:31+00:00\",\"description\":\"AZEMAD distinguida con Placa de Federaci\u00f3n\",\"breadcrumb\":{\"@id\":\"https:\\\/\\\/sport.azemad.com\\\/es\\\/gala-de-patinaje-catalana-es\\\/#breadcrumb\"},\"inLanguage\":\"es\",\"potentialAction\":[{\"@type\":\"ReadAction\",\"target\":[\"https:\\\/\\\/sport.azemad.com\\\/es\\\/gala-de-patinaje-catalana-es\\\/\"]}]},{\"@type\":\"ImageObject\",\"inLanguage\":\"es\",\"@id\":\"https:\\\/\\\/sport.azemad.com\\\/es\\\/gala-de-patinaje-catalana-es\\\/#primaryimage\",\"url\":\"https:\\\/\\\/sport.azemad.com\\\/wp-content\\\/uploads\\\/2020\\\/03\\\/Gala-Patinagem-Catala_1080x1080.png\",\"contentUrl\":\"https:\\\/\\\/sport.azemad.com\\\/wp-content\\\/uploads\\\/2020\\\/03\\\/Gala-Patinagem-Catala_1080x1080.png\",\"width\":1080,\"height\":1080},{\"@type\":\"BreadcrumbList\",\"@id\":\"https:\\\/\\\/sport.azemad.com\\\/es\\\/gala-de-patinaje-catalana-es\\\/#breadcrumb\",\"itemListElement\":[{\"@type\":\"ListItem\",\"position\":1,\"name\":\"In\u00edcio\",\"item\":\"https:\\\/\\\/sport.azemad.com\\\/es\\\/\"},{\"@type\":\"ListItem\",\"position\":2,\"name\":\"Gala de Patinaje Catalana\"}]},{\"@type\":\"WebSite\",\"@id\":\"https:\\\/\\\/sport.azemad.com\\\/es\\\/#website\",\"url\":\"https:\\\/\\\/sport.azemad.com\\\/es\\\/\",\"name\":\"Azemad Sport\",\"description\":\"Artigos e Cat\u00e1logo para H\u00f3quei em Patins\",\"publisher\":{\"@id\":\"https:\\\/\\\/sport.azemad.com\\\/es\\\/#organization\"},\"potentialAction\":[{\"@type\":\"SearchAction\",\"target\":{\"@type\":\"EntryPoint\",\"urlTemplate\":\"https:\\\/\\\/sport.azemad.com\\\/es\\\/?s={search_term_string}\"},\"query-input\":{\"@type\":\"PropertyValueSpecification\",\"valueRequired\":true,\"valueName\":\"search_term_string\"}}],\"inLanguage\":\"es\"},{\"@type\":\"Organization\",\"@id\":\"https:\\\/\\\/sport.azemad.com\\\/es\\\/#organization\",\"name\":\"AZEMAD Sport\",\"alternateName\":\"Azemad Sport\",\"url\":\"https:\\\/\\\/sport.azemad.com\\\/es\\\/\",\"logo\":{\"@type\":\"ImageObject\",\"inLanguage\":\"es\",\"@id\":\"https:\\\/\\\/sport.azemad.com\\\/es\\\/#\\\/schema\\\/logo\\\/image\\\/\",\"url\":\"https:\\\/\\\/sport.azemad.com\\\/wp-content\\\/uploads\\\/2023\\\/10\\\/favicon.png\",\"contentUrl\":\"https:\\\/\\\/sport.azemad.com\\\/wp-content\\\/uploads\\\/2023\\\/10\\\/favicon.png\",\"width\":256,\"height\":256,\"caption\":\"AZEMAD Sport\"},\"image\":{\"@id\":\"https:\\\/\\\/sport.azemad.com\\\/es\\\/#\\\/schema\\\/logo\\\/image\\\/\"},\"sameAs\":[\"https:\\\/\\\/www.facebook.com\\\/azemadsport\",\"https:\\\/\\\/www.instagram.com\\\/azemad\\\/\",\"https:\\\/\\\/www.youtube.com\\\/c\\\/azemad\",\"https:\\\/\\\/www.linkedin.com\\\/company\\\/azemad\\\/\"]},{\"@type\":\"Person\",\"@id\":\"https:\\\/\\\/sport.azemad.com\\\/es\\\/#\\\/schema\\\/person\\\/d7733c74a910adf4e61fb90b461feb1c\",\"name\":\"azemad.content\"}]}<\/script>\n<!-- \/ Yoast SEO plugin. -->","yoast_head_json":{"title":"Gala de Patinaje Catalana","description":"AZEMAD distinguida con Placa de Federaci\u00f3n","robots":{"index":"index","follow":"follow","max-snippet":"max-snippet:-1","max-image-preview":"max-image-preview:large","max-video-preview":"max-video-preview:-1"},"canonical":"https:\/\/sport.azemad.com\/es\/gala-de-patinaje-catalana-es\/","og_locale":"es_ES","og_type":"article","og_title":"Gala de Patinaje Catalana","og_description":"AZEMAD distinguida con Placa de Federaci\u00f3n","og_url":"https:\/\/sport.azemad.com\/es\/gala-de-patinaje-catalana-es\/","og_site_name":"Azemad Sport","article_publisher":"https:\/\/www.facebook.com\/azemadsport","article_published_time":"2020-03-11T16:08:00+00:00","article_modified_time":"2024-01-22T11:47:31+00:00","og_image":[{"width":1080,"height":1080,"url":"https:\/\/sport.azemad.com\/wp-content\/uploads\/2020\/03\/Gala-Patinagem-Catala_1080x1080.png","type":"image\/png"}],"author":"azemad.content","twitter_card":"summary_large_image","twitter_misc":{"Escrito por":"azemad.content","Tiempo de lectura":"3 minutos"},"schema":{"@context":"https:\/\/schema.org","@graph":[{"@type":"Article","@id":"https:\/\/sport.azemad.com\/es\/gala-de-patinaje-catalana-es\/#article","isPartOf":{"@id":"https:\/\/sport.azemad.com\/es\/gala-de-patinaje-catalana-es\/"},"author":{"name":"azemad.content","@id":"https:\/\/sport.azemad.com\/es\/#\/schema\/person\/d7733c74a910adf4e61fb90b461feb1c"},"headline":"Gala de Patinaje Catalana","datePublished":"2020-03-11T16:08:00+00:00","dateModified":"2024-01-22T11:47:31+00:00","mainEntityOfPage":{"@id":"https:\/\/sport.azemad.com\/es\/gala-de-patinaje-catalana-es\/"},"wordCount":242,"commentCount":0,"publisher":{"@id":"https:\/\/sport.azemad.com\/es\/#organization"},"image":{"@id":"https:\/\/sport.azemad.com\/es\/gala-de-patinaje-catalana-es\/#primaryimage"},"thumbnailUrl":"https:\/\/sport.azemad.com\/wp-content\/uploads\/2020\/03\/Gala-Patinagem-Catala_1080x1080.png","articleSection":["Equipo Azemad","Eventos"],"inLanguage":"es","potentialAction":[{"@type":"CommentAction","name":"Comment","target":["https:\/\/sport.azemad.com\/es\/gala-de-patinaje-catalana-es\/#respond"]}]},{"@type":"WebPage","@id":"https:\/\/sport.azemad.com\/es\/gala-de-patinaje-catalana-es\/","url":"https:\/\/sport.azemad.com\/es\/gala-de-patinaje-catalana-es\/","name":"Gala de Patinaje Catalana","isPartOf":{"@id":"https:\/\/sport.azemad.com\/es\/#website"},"primaryImageOfPage":{"@id":"https:\/\/sport.azemad.com\/es\/gala-de-patinaje-catalana-es\/#primaryimage"},"image":{"@id":"https:\/\/sport.azemad.com\/es\/gala-de-patinaje-catalana-es\/#primaryimage"},"thumbnailUrl":"https:\/\/sport.azemad.com\/wp-content\/uploads\/2020\/03\/Gala-Patinagem-Catala_1080x1080.png","datePublished":"2020-03-11T16:08:00+00:00","dateModified":"2024-01-22T11:47:31+00:00","description":"AZEMAD distinguida con Placa de Federaci\u00f3n","breadcrumb":{"@id":"https:\/\/sport.azemad.com\/es\/gala-de-patinaje-catalana-es\/#breadcrumb"},"inLanguage":"es","potentialAction":[{"@type":"ReadAction","target":["https:\/\/sport.azemad.com\/es\/gala-de-patinaje-catalana-es\/"]}]},{"@type":"ImageObject","inLanguage":"es","@id":"https:\/\/sport.azemad.com\/es\/gala-de-patinaje-catalana-es\/#primaryimage","url":"https:\/\/sport.azemad.com\/wp-content\/uploads\/2020\/03\/Gala-Patinagem-Catala_1080x1080.png","contentUrl":"https:\/\/sport.azemad.com\/wp-content\/uploads\/2020\/03\/Gala-Patinagem-Catala_1080x1080.png","width":1080,"height":1080},{"@type":"BreadcrumbList","@id":"https:\/\/sport.azemad.com\/es\/gala-de-patinaje-catalana-es\/#breadcrumb","itemListElement":[{"@type":"ListItem","position":1,"name":"In\u00edcio","item":"https:\/\/sport.azemad.com\/es\/"},{"@type":"ListItem","position":2,"name":"Gala de Patinaje Catalana"}]},{"@type":"WebSite","@id":"https:\/\/sport.azemad.com\/es\/#website","url":"https:\/\/sport.azemad.com\/es\/","name":"Azemad Sport","description":"Artigos e Cat\u00e1logo para H\u00f3quei em Patins","publisher":{"@id":"https:\/\/sport.azemad.com\/es\/#organization"},"potentialAction":[{"@type":"SearchAction","target":{"@type":"EntryPoint","urlTemplate":"https:\/\/sport.azemad.com\/es\/?s={search_term_string}"},"query-input":{"@type":"PropertyValueSpecification","valueRequired":true,"valueName":"search_term_string"}}],"inLanguage":"es"},{"@type":"Organization","@id":"https:\/\/sport.azemad.com\/es\/#organization","name":"AZEMAD Sport","alternateName":"Azemad Sport","url":"https:\/\/sport.azemad.com\/es\/","logo":{"@type":"ImageObject","inLanguage":"es","@id":"https:\/\/sport.azemad.com\/es\/#\/schema\/logo\/image\/","url":"https:\/\/sport.azemad.com\/wp-content\/uploads\/2023\/10\/favicon.png","contentUrl":"https:\/\/sport.azemad.com\/wp-content\/uploads\/2023\/10\/favicon.png","width":256,"height":256,"caption":"AZEMAD Sport"},"image":{"@id":"https:\/\/sport.azemad.com\/es\/#\/schema\/logo\/image\/"},"sameAs":["https:\/\/www.facebook.com\/azemadsport","https:\/\/www.instagram.com\/azemad\/","https:\/\/www.youtube.com\/c\/azemad","https:\/\/www.linkedin.com\/company\/azemad\/"]},{"@type":"Person","@id":"https:\/\/sport.azemad.com\/es\/#\/schema\/person\/d7733c74a910adf4e61fb90b461feb1c","name":"azemad.content"}]}},"_links":{"self":[{"href":"https:\/\/sport.azemad.com\/es\/wp-json\/wp\/v2\/posts\/5245","targetHints":{"allow":["GET"]}}],"collection":[{"href":"https:\/\/sport.azemad.com\/es\/wp-json\/wp\/v2\/posts"}],"about":[{"href":"https:\/\/sport.azemad.com\/es\/wp-json\/wp\/v2\/types\/post"}],"author":[{"embeddable":true,"href":"https:\/\/sport.azemad.com\/es\/wp-json\/wp\/v2\/users\/8"}],"replies":[{"embeddable":true,"href":"https:\/\/sport.azemad.com\/es\/wp-json\/wp\/v2\/comments?post=5245"}],"version-history":[{"count":0,"href":"https:\/\/sport.azemad.com\/es\/wp-json\/wp\/v2\/posts\/5245\/revisions"}],"wp:featuredmedia":[{"embeddable":true,"href":"https:\/\/sport.azemad.com\/es\/wp-json\/wp\/v2\/media\/5990"}],"wp:attachment":[{"href":"https:\/\/sport.azemad.com\/es\/wp-json\/wp\/v2\/media?parent=5245"}],"wp:term":[{"taxonomy":"category","embeddable":true,"href":"https:\/\/sport.azemad.com\/es\/wp-json\/wp\/v2\/categories?post=5245"},{"taxonomy":"post_tag","embeddable":true,"href":"https:\/\/sport.azemad.com\/es\/wp-json\/wp\/v2\/tags?post=5245"}],"curies":[{"name":"wp","href":"https:\/\/api.w.org\/{rel}","templated":true}]}}