{"id":5302,"date":"2020-07-24T09:02:00","date_gmt":"2020-07-24T09:02:00","guid":{"rendered":"https:\/\/azemad.assemble.website\/stick-redbull-helder-nunes-comemorativo-wrg-2019\/"},"modified":"2024-01-22T11:46:09","modified_gmt":"2024-01-22T11:46:09","slug":"stick-redbull-helder-nunes-conmemorativo-wrg-2019-es","status":"publish","type":"post","link":"https:\/\/sport.azemad.com\/es\/stick-redbull-helder-nunes-conmemorativo-wrg-2019-es\/","title":{"rendered":"Stick Redbull H\u00e9lder Nunes Conmemorativo WRG 2019"},"content":{"rendered":"\n<p class=\"has-text-align-center\">En el marco de la celebraci\u00f3n de 1 a\u00f1o como Campe\u00f3n Mundial de los World Roller Games, Barcelona 2019, H\u00e9lder Nunes sorte\u00f3 una edici\u00f3n \u00fanica y exclusiva de su stick para marcar la fecha.<\/p>\n\n\n\n<p class=\"has-text-align-center\">Esta edici\u00f3n desarrollada por AZEMAD, es el dise\u00f1o personal del jugador en tonos dorados y con el hito de 1 a\u00f1o de Campe\u00f3n del Mundo se\u00f1alado en el mango del stick. S\u00f3lo se produjeron 2 ediciones de este stick: un stick de regalo de AZEMAD para el jugador y un stick de regalo del jugador para el afortunado que gan\u00f3 el pasatiempo realizado en la p\u00e1gina de Instagram de @heldernunes.<\/p>\n\n\n\n<figure class=\"wp-block-image aligncenter size-full\"><img fetchpriority=\"high\" decoding=\"async\" width=\"960\" height=\"540\" src=\"https:\/\/azemad.assemble.website\/wp-content\/uploads\/2024\/01\/5f47b73f8774c9cfc779c8ee_Helder-Nunes-Azemad-WRG.png\" alt=\"\" class=\"wp-image-5293\" srcset=\"https:\/\/sport.azemad.com\/wp-content\/uploads\/2024\/01\/5f47b73f8774c9cfc779c8ee_Helder-Nunes-Azemad-WRG.png 960w, https:\/\/sport.azemad.com\/wp-content\/uploads\/2024\/01\/5f47b73f8774c9cfc779c8ee_Helder-Nunes-Azemad-WRG-300x169.png 300w, https:\/\/sport.azemad.com\/wp-content\/uploads\/2024\/01\/5f47b73f8774c9cfc779c8ee_Helder-Nunes-Azemad-WRG-600x338.png 600w, https:\/\/sport.azemad.com\/wp-content\/uploads\/2024\/01\/5f47b73f8774c9cfc779c8ee_Helder-Nunes-Azemad-WRG-768x432.png 768w\" sizes=\"(max-width: 960px) 100vw, 960px\" \/><\/figure>\n\n\n\n<p class=\"has-text-align-center\">El jugador que estuvo de visita en AZEMAD, acompa\u00f1ado de su nueva mochila, recibi\u00f3 por parte de AZEMAD el stick a s\u00ed destinado y aprovech\u00f3 la oportunidad para se\u00f1alar el momento y recordar algunos de los buenos momentos vividos hace 1 a\u00f1o. El Stick destinado al ganador del pasatiempo fue entregado personalmente por el propio jugador, haciendo el momento a\u00fan m\u00e1s especial! Siendo un stick \u00fanico, compartido s\u00f3lo por el jugador y el ganador del pasatiempo, a\u00f1ade a\u00fan m\u00e1s valor al stick (\u00a1como si un stick de H\u00e9lder Nunes no fuera ya premio suficiente!).<\/p>\n\n\n\n<p class=\"has-text-align-center\">\u00a1Felicidades a @guilhermecvilhena que fue el gran ganador y gracias a todos los que participaron!<\/p>\n\n\n\n<p class=\"has-text-align-center\">\u200d<\/p>\n\n\n\n<p>\u200d<\/p>\n","protected":false},"excerpt":{"rendered":"<p>El jugador sorte\u00f3 un palo de edici\u00f3n \u00fanica en su p\u00e1gina de Instagram, con el apoyo de AZEMAD<\/p>\n","protected":false},"author":8,"featured_media":6012,"comment_status":"open","ping_status":"open","sticky":false,"template":"","format":"standard","meta":{"_acf_changed":false,"footnotes":""},"categories":[920,924,919],"tags":[],"class_list":["post-5302","post","type-post","status-publish","format-standard","has-post-thumbnail","hentry","category-desarrollos","category-equipo-azemad","category-producto"],"acf":[],"yoast_head":"<!-- This site is optimized with the Yoast SEO plugin v27.4 - https:\/\/yoast.com\/product\/yoast-seo-wordpress\/ -->\n<title>Stick Redbull H\u00e9lder Nunes Conmemorativo WRG 2019<\/title>\n<meta name=\"description\" content=\"El jugador sorte\u00f3 un palo de edici\u00f3n \u00fanica en su p\u00e1gina de Instagram, con el apoyo de AZEMAD\" \/>\n<meta name=\"robots\" content=\"index, follow, max-snippet:-1, max-image-preview:large, max-video-preview:-1\" \/>\n<link rel=\"canonical\" href=\"https:\/\/sport.azemad.com\/es\/stick-redbull-helder-nunes-conmemorativo-wrg-2019-es\/\" \/>\n<meta property=\"og:locale\" content=\"es_ES\" \/>\n<meta property=\"og:type\" content=\"article\" \/>\n<meta property=\"og:title\" content=\"Stick Redbull H\u00e9lder Nunes Conmemorativo WRG 2019\" \/>\n<meta property=\"og:description\" content=\"El jugador sorte\u00f3 un palo de edici\u00f3n \u00fanica en su p\u00e1gina de Instagram, con el apoyo de AZEMAD\" \/>\n<meta property=\"og:url\" content=\"https:\/\/sport.azemad.com\/es\/stick-redbull-helder-nunes-conmemorativo-wrg-2019-es\/\" \/>\n<meta property=\"og:site_name\" content=\"Azemad Sport\" \/>\n<meta property=\"article:publisher\" content=\"https:\/\/www.facebook.com\/azemadsport\" \/>\n<meta property=\"article:published_time\" content=\"2020-07-24T09:02:00+00:00\" \/>\n<meta property=\"article:modified_time\" content=\"2024-01-22T11:46:09+00:00\" \/>\n<meta property=\"og:image\" content=\"https:\/\/sport.azemad.com\/wp-content\/uploads\/2020\/07\/Helder-Nunes-Azemad_1080x1080.png\" \/>\n\t<meta property=\"og:image:width\" content=\"650\" \/>\n\t<meta property=\"og:image:height\" content=\"650\" \/>\n\t<meta property=\"og:image:type\" content=\"image\/png\" \/>\n<meta name=\"author\" content=\"azemad.content\" \/>\n<meta name=\"twitter:card\" content=\"summary_large_image\" \/>\n<meta name=\"twitter:label1\" content=\"Escrito por\" \/>\n\t<meta name=\"twitter:data1\" content=\"azemad.content\" \/>\n\t<meta name=\"twitter:label2\" content=\"Tiempo de lectura\" \/>\n\t<meta name=\"twitter:data2\" content=\"2 minutos\" \/>\n<script type=\"application\/ld+json\" class=\"yoast-schema-graph\">{\"@context\":\"https:\\\/\\\/schema.org\",\"@graph\":[{\"@type\":\"Article\",\"@id\":\"https:\\\/\\\/sport.azemad.com\\\/es\\\/stick-redbull-helder-nunes-conmemorativo-wrg-2019-es\\\/#article\",\"isPartOf\":{\"@id\":\"https:\\\/\\\/sport.azemad.com\\\/es\\\/stick-redbull-helder-nunes-conmemorativo-wrg-2019-es\\\/\"},\"author\":{\"name\":\"azemad.content\",\"@id\":\"https:\\\/\\\/sport.azemad.com\\\/es\\\/#\\\/schema\\\/person\\\/d7733c74a910adf4e61fb90b461feb1c\"},\"headline\":\"Stick Redbull H\u00e9lder Nunes Conmemorativo WRG 2019\",\"datePublished\":\"2020-07-24T09:02:00+00:00\",\"dateModified\":\"2024-01-22T11:46:09+00:00\",\"mainEntityOfPage\":{\"@id\":\"https:\\\/\\\/sport.azemad.com\\\/es\\\/stick-redbull-helder-nunes-conmemorativo-wrg-2019-es\\\/\"},\"wordCount\":237,\"commentCount\":0,\"publisher\":{\"@id\":\"https:\\\/\\\/sport.azemad.com\\\/es\\\/#organization\"},\"image\":{\"@id\":\"https:\\\/\\\/sport.azemad.com\\\/es\\\/stick-redbull-helder-nunes-conmemorativo-wrg-2019-es\\\/#primaryimage\"},\"thumbnailUrl\":\"https:\\\/\\\/sport.azemad.com\\\/wp-content\\\/uploads\\\/2020\\\/07\\\/Helder-Nunes-Azemad_1080x1080.png\",\"articleSection\":[\"Desarrollos\",\"Equipo Azemad\",\"Producto\"],\"inLanguage\":\"es\",\"potentialAction\":[{\"@type\":\"CommentAction\",\"name\":\"Comment\",\"target\":[\"https:\\\/\\\/sport.azemad.com\\\/es\\\/stick-redbull-helder-nunes-conmemorativo-wrg-2019-es\\\/#respond\"]}]},{\"@type\":\"WebPage\",\"@id\":\"https:\\\/\\\/sport.azemad.com\\\/es\\\/stick-redbull-helder-nunes-conmemorativo-wrg-2019-es\\\/\",\"url\":\"https:\\\/\\\/sport.azemad.com\\\/es\\\/stick-redbull-helder-nunes-conmemorativo-wrg-2019-es\\\/\",\"name\":\"Stick Redbull H\u00e9lder Nunes Conmemorativo WRG 2019\",\"isPartOf\":{\"@id\":\"https:\\\/\\\/sport.azemad.com\\\/es\\\/#website\"},\"primaryImageOfPage\":{\"@id\":\"https:\\\/\\\/sport.azemad.com\\\/es\\\/stick-redbull-helder-nunes-conmemorativo-wrg-2019-es\\\/#primaryimage\"},\"image\":{\"@id\":\"https:\\\/\\\/sport.azemad.com\\\/es\\\/stick-redbull-helder-nunes-conmemorativo-wrg-2019-es\\\/#primaryimage\"},\"thumbnailUrl\":\"https:\\\/\\\/sport.azemad.com\\\/wp-content\\\/uploads\\\/2020\\\/07\\\/Helder-Nunes-Azemad_1080x1080.png\",\"datePublished\":\"2020-07-24T09:02:00+00:00\",\"dateModified\":\"2024-01-22T11:46:09+00:00\",\"description\":\"El jugador sorte\u00f3 un palo de edici\u00f3n \u00fanica en su p\u00e1gina de Instagram, con el apoyo de AZEMAD\",\"breadcrumb\":{\"@id\":\"https:\\\/\\\/sport.azemad.com\\\/es\\\/stick-redbull-helder-nunes-conmemorativo-wrg-2019-es\\\/#breadcrumb\"},\"inLanguage\":\"es\",\"potentialAction\":[{\"@type\":\"ReadAction\",\"target\":[\"https:\\\/\\\/sport.azemad.com\\\/es\\\/stick-redbull-helder-nunes-conmemorativo-wrg-2019-es\\\/\"]}]},{\"@type\":\"ImageObject\",\"inLanguage\":\"es\",\"@id\":\"https:\\\/\\\/sport.azemad.com\\\/es\\\/stick-redbull-helder-nunes-conmemorativo-wrg-2019-es\\\/#primaryimage\",\"url\":\"https:\\\/\\\/sport.azemad.com\\\/wp-content\\\/uploads\\\/2020\\\/07\\\/Helder-Nunes-Azemad_1080x1080.png\",\"contentUrl\":\"https:\\\/\\\/sport.azemad.com\\\/wp-content\\\/uploads\\\/2020\\\/07\\\/Helder-Nunes-Azemad_1080x1080.png\",\"width\":650,\"height\":650},{\"@type\":\"BreadcrumbList\",\"@id\":\"https:\\\/\\\/sport.azemad.com\\\/es\\\/stick-redbull-helder-nunes-conmemorativo-wrg-2019-es\\\/#breadcrumb\",\"itemListElement\":[{\"@type\":\"ListItem\",\"position\":1,\"name\":\"In\u00edcio\",\"item\":\"https:\\\/\\\/sport.azemad.com\\\/es\\\/\"},{\"@type\":\"ListItem\",\"position\":2,\"name\":\"Stick Redbull H\u00e9lder Nunes Conmemorativo WRG 2019\"}]},{\"@type\":\"WebSite\",\"@id\":\"https:\\\/\\\/sport.azemad.com\\\/es\\\/#website\",\"url\":\"https:\\\/\\\/sport.azemad.com\\\/es\\\/\",\"name\":\"Azemad Sport\",\"description\":\"Artigos e Cat\u00e1logo para H\u00f3quei em Patins\",\"publisher\":{\"@id\":\"https:\\\/\\\/sport.azemad.com\\\/es\\\/#organization\"},\"potentialAction\":[{\"@type\":\"SearchAction\",\"target\":{\"@type\":\"EntryPoint\",\"urlTemplate\":\"https:\\\/\\\/sport.azemad.com\\\/es\\\/?s={search_term_string}\"},\"query-input\":{\"@type\":\"PropertyValueSpecification\",\"valueRequired\":true,\"valueName\":\"search_term_string\"}}],\"inLanguage\":\"es\"},{\"@type\":\"Organization\",\"@id\":\"https:\\\/\\\/sport.azemad.com\\\/es\\\/#organization\",\"name\":\"AZEMAD Sport\",\"alternateName\":\"Azemad Sport\",\"url\":\"https:\\\/\\\/sport.azemad.com\\\/es\\\/\",\"logo\":{\"@type\":\"ImageObject\",\"inLanguage\":\"es\",\"@id\":\"https:\\\/\\\/sport.azemad.com\\\/es\\\/#\\\/schema\\\/logo\\\/image\\\/\",\"url\":\"https:\\\/\\\/sport.azemad.com\\\/wp-content\\\/uploads\\\/2023\\\/10\\\/favicon.png\",\"contentUrl\":\"https:\\\/\\\/sport.azemad.com\\\/wp-content\\\/uploads\\\/2023\\\/10\\\/favicon.png\",\"width\":256,\"height\":256,\"caption\":\"AZEMAD Sport\"},\"image\":{\"@id\":\"https:\\\/\\\/sport.azemad.com\\\/es\\\/#\\\/schema\\\/logo\\\/image\\\/\"},\"sameAs\":[\"https:\\\/\\\/www.facebook.com\\\/azemadsport\",\"https:\\\/\\\/www.instagram.com\\\/azemad\\\/\",\"https:\\\/\\\/www.youtube.com\\\/c\\\/azemad\",\"https:\\\/\\\/www.linkedin.com\\\/company\\\/azemad\\\/\"]},{\"@type\":\"Person\",\"@id\":\"https:\\\/\\\/sport.azemad.com\\\/es\\\/#\\\/schema\\\/person\\\/d7733c74a910adf4e61fb90b461feb1c\",\"name\":\"azemad.content\"}]}<\/script>\n<!-- \/ Yoast SEO plugin. -->","yoast_head_json":{"title":"Stick Redbull H\u00e9lder Nunes Conmemorativo WRG 2019","description":"El jugador sorte\u00f3 un palo de edici\u00f3n \u00fanica en su p\u00e1gina de Instagram, con el apoyo de AZEMAD","robots":{"index":"index","follow":"follow","max-snippet":"max-snippet:-1","max-image-preview":"max-image-preview:large","max-video-preview":"max-video-preview:-1"},"canonical":"https:\/\/sport.azemad.com\/es\/stick-redbull-helder-nunes-conmemorativo-wrg-2019-es\/","og_locale":"es_ES","og_type":"article","og_title":"Stick Redbull H\u00e9lder Nunes Conmemorativo WRG 2019","og_description":"El jugador sorte\u00f3 un palo de edici\u00f3n \u00fanica en su p\u00e1gina de Instagram, con el apoyo de AZEMAD","og_url":"https:\/\/sport.azemad.com\/es\/stick-redbull-helder-nunes-conmemorativo-wrg-2019-es\/","og_site_name":"Azemad Sport","article_publisher":"https:\/\/www.facebook.com\/azemadsport","article_published_time":"2020-07-24T09:02:00+00:00","article_modified_time":"2024-01-22T11:46:09+00:00","og_image":[{"width":650,"height":650,"url":"https:\/\/sport.azemad.com\/wp-content\/uploads\/2020\/07\/Helder-Nunes-Azemad_1080x1080.png","type":"image\/png"}],"author":"azemad.content","twitter_card":"summary_large_image","twitter_misc":{"Escrito por":"azemad.content","Tiempo de lectura":"2 minutos"},"schema":{"@context":"https:\/\/schema.org","@graph":[{"@type":"Article","@id":"https:\/\/sport.azemad.com\/es\/stick-redbull-helder-nunes-conmemorativo-wrg-2019-es\/#article","isPartOf":{"@id":"https:\/\/sport.azemad.com\/es\/stick-redbull-helder-nunes-conmemorativo-wrg-2019-es\/"},"author":{"name":"azemad.content","@id":"https:\/\/sport.azemad.com\/es\/#\/schema\/person\/d7733c74a910adf4e61fb90b461feb1c"},"headline":"Stick Redbull H\u00e9lder Nunes Conmemorativo WRG 2019","datePublished":"2020-07-24T09:02:00+00:00","dateModified":"2024-01-22T11:46:09+00:00","mainEntityOfPage":{"@id":"https:\/\/sport.azemad.com\/es\/stick-redbull-helder-nunes-conmemorativo-wrg-2019-es\/"},"wordCount":237,"commentCount":0,"publisher":{"@id":"https:\/\/sport.azemad.com\/es\/#organization"},"image":{"@id":"https:\/\/sport.azemad.com\/es\/stick-redbull-helder-nunes-conmemorativo-wrg-2019-es\/#primaryimage"},"thumbnailUrl":"https:\/\/sport.azemad.com\/wp-content\/uploads\/2020\/07\/Helder-Nunes-Azemad_1080x1080.png","articleSection":["Desarrollos","Equipo Azemad","Producto"],"inLanguage":"es","potentialAction":[{"@type":"CommentAction","name":"Comment","target":["https:\/\/sport.azemad.com\/es\/stick-redbull-helder-nunes-conmemorativo-wrg-2019-es\/#respond"]}]},{"@type":"WebPage","@id":"https:\/\/sport.azemad.com\/es\/stick-redbull-helder-nunes-conmemorativo-wrg-2019-es\/","url":"https:\/\/sport.azemad.com\/es\/stick-redbull-helder-nunes-conmemorativo-wrg-2019-es\/","name":"Stick Redbull H\u00e9lder Nunes Conmemorativo WRG 2019","isPartOf":{"@id":"https:\/\/sport.azemad.com\/es\/#website"},"primaryImageOfPage":{"@id":"https:\/\/sport.azemad.com\/es\/stick-redbull-helder-nunes-conmemorativo-wrg-2019-es\/#primaryimage"},"image":{"@id":"https:\/\/sport.azemad.com\/es\/stick-redbull-helder-nunes-conmemorativo-wrg-2019-es\/#primaryimage"},"thumbnailUrl":"https:\/\/sport.azemad.com\/wp-content\/uploads\/2020\/07\/Helder-Nunes-Azemad_1080x1080.png","datePublished":"2020-07-24T09:02:00+00:00","dateModified":"2024-01-22T11:46:09+00:00","description":"El jugador sorte\u00f3 un palo de edici\u00f3n \u00fanica en su p\u00e1gina de Instagram, con el apoyo de AZEMAD","breadcrumb":{"@id":"https:\/\/sport.azemad.com\/es\/stick-redbull-helder-nunes-conmemorativo-wrg-2019-es\/#breadcrumb"},"inLanguage":"es","potentialAction":[{"@type":"ReadAction","target":["https:\/\/sport.azemad.com\/es\/stick-redbull-helder-nunes-conmemorativo-wrg-2019-es\/"]}]},{"@type":"ImageObject","inLanguage":"es","@id":"https:\/\/sport.azemad.com\/es\/stick-redbull-helder-nunes-conmemorativo-wrg-2019-es\/#primaryimage","url":"https:\/\/sport.azemad.com\/wp-content\/uploads\/2020\/07\/Helder-Nunes-Azemad_1080x1080.png","contentUrl":"https:\/\/sport.azemad.com\/wp-content\/uploads\/2020\/07\/Helder-Nunes-Azemad_1080x1080.png","width":650,"height":650},{"@type":"BreadcrumbList","@id":"https:\/\/sport.azemad.com\/es\/stick-redbull-helder-nunes-conmemorativo-wrg-2019-es\/#breadcrumb","itemListElement":[{"@type":"ListItem","position":1,"name":"In\u00edcio","item":"https:\/\/sport.azemad.com\/es\/"},{"@type":"ListItem","position":2,"name":"Stick Redbull H\u00e9lder Nunes Conmemorativo WRG 2019"}]},{"@type":"WebSite","@id":"https:\/\/sport.azemad.com\/es\/#website","url":"https:\/\/sport.azemad.com\/es\/","name":"Azemad Sport","description":"Artigos e Cat\u00e1logo para H\u00f3quei em Patins","publisher":{"@id":"https:\/\/sport.azemad.com\/es\/#organization"},"potentialAction":[{"@type":"SearchAction","target":{"@type":"EntryPoint","urlTemplate":"https:\/\/sport.azemad.com\/es\/?s={search_term_string}"},"query-input":{"@type":"PropertyValueSpecification","valueRequired":true,"valueName":"search_term_string"}}],"inLanguage":"es"},{"@type":"Organization","@id":"https:\/\/sport.azemad.com\/es\/#organization","name":"AZEMAD Sport","alternateName":"Azemad Sport","url":"https:\/\/sport.azemad.com\/es\/","logo":{"@type":"ImageObject","inLanguage":"es","@id":"https:\/\/sport.azemad.com\/es\/#\/schema\/logo\/image\/","url":"https:\/\/sport.azemad.com\/wp-content\/uploads\/2023\/10\/favicon.png","contentUrl":"https:\/\/sport.azemad.com\/wp-content\/uploads\/2023\/10\/favicon.png","width":256,"height":256,"caption":"AZEMAD Sport"},"image":{"@id":"https:\/\/sport.azemad.com\/es\/#\/schema\/logo\/image\/"},"sameAs":["https:\/\/www.facebook.com\/azemadsport","https:\/\/www.instagram.com\/azemad\/","https:\/\/www.youtube.com\/c\/azemad","https:\/\/www.linkedin.com\/company\/azemad\/"]},{"@type":"Person","@id":"https:\/\/sport.azemad.com\/es\/#\/schema\/person\/d7733c74a910adf4e61fb90b461feb1c","name":"azemad.content"}]}},"_links":{"self":[{"href":"https:\/\/sport.azemad.com\/es\/wp-json\/wp\/v2\/posts\/5302","targetHints":{"allow":["GET"]}}],"collection":[{"href":"https:\/\/sport.azemad.com\/es\/wp-json\/wp\/v2\/posts"}],"about":[{"href":"https:\/\/sport.azemad.com\/es\/wp-json\/wp\/v2\/types\/post"}],"author":[{"embeddable":true,"href":"https:\/\/sport.azemad.com\/es\/wp-json\/wp\/v2\/users\/8"}],"replies":[{"embeddable":true,"href":"https:\/\/sport.azemad.com\/es\/wp-json\/wp\/v2\/comments?post=5302"}],"version-history":[{"count":0,"href":"https:\/\/sport.azemad.com\/es\/wp-json\/wp\/v2\/posts\/5302\/revisions"}],"wp:featuredmedia":[{"embeddable":true,"href":"https:\/\/sport.azemad.com\/es\/wp-json\/wp\/v2\/media\/6012"}],"wp:attachment":[{"href":"https:\/\/sport.azemad.com\/es\/wp-json\/wp\/v2\/media?parent=5302"}],"wp:term":[{"taxonomy":"category","embeddable":true,"href":"https:\/\/sport.azemad.com\/es\/wp-json\/wp\/v2\/categories?post=5302"},{"taxonomy":"post_tag","embeddable":true,"href":"https:\/\/sport.azemad.com\/es\/wp-json\/wp\/v2\/tags?post=5302"}],"curies":[{"name":"wp","href":"https:\/\/api.w.org\/{rel}","templated":true}]}}