{"id":5507,"date":"2021-03-19T14:38:00","date_gmt":"2021-03-19T14:38:00","guid":{"rendered":"https:\/\/azemad.assemble.website\/19-de-marco-dia-do-pai\/"},"modified":"2024-01-22T11:38:55","modified_gmt":"2024-01-22T11:38:55","slug":"19-de-marzo-dia-del-padre-es","status":"publish","type":"post","link":"https:\/\/sport.azemad.com\/es\/19-de-marzo-dia-del-padre-es\/","title":{"rendered":"19 de Marzo &#8211; D\u00eda del padre"},"content":{"rendered":"\n<p>Este 19 de marzo, felicitamos a todos los Padres y nos unimos a los jugadores del Barcelona y de la Selecci\u00f3n Portuguesa, H\u00e9lder Nunes y Jo\u00e3o Rodrigues, como homenaje y lanzamiento de sus p\u00e1ginas oficiales de deportistas, destacando as\u00ed la responsabilidad de inspirar y ser un modelo a seguir de todos los atletas que representan al #TeamAZEMAD, tanto dentro como fuera de la pista.<\/p>\n\n\n\n<p>H\u00e9lder Nunes, antiguo integrante de nuestro equipo pero reciente integrante del equipo de Padres, representa toda la dedicaci\u00f3n e inspiraci\u00f3n con su a\u00fan joven historia, que recientemente comenz\u00f3 una nueva etapa: la paternidad.<\/p>\n\n\n\n<p>Jo\u00e3o Rodrigues representa el ejemplo y modelo a seguir, siempre teniendo en cuenta sus grandes responsabilidades como deportista y ser humano. Su hijo Afonso ya ve una fuente de inspiraci\u00f3n en su padre y comienza a seguir su \u00abpatinaje\u00bb.<\/p>\n\n\n\n<p>Las historias inspiradoras de los jugadores y su pasi\u00f3n por el hockey sobre patines ahora se pueden ver en sus p\u00e1ginas oficiales de atletas de AZEMAD:<\/p>\n\n\n\n<p>\u200d<\/p>\n\n\n\n<blockquote class=\"wp-block-quote is-layout-flow wp-block-quote-is-layout-flow\">\n<p><a href=\"https:\/\/sport.azemad.com\/players\/joao-rodrigues-es\" target=\"_blank\" rel=\"noreferrer noopener\">Jo\u00e3o Rodrigues<\/a><\/p>\n<\/blockquote>\n\n\n\n<blockquote class=\"wp-block-quote is-layout-flow wp-block-quote-is-layout-flow\">\n<p><a href=\"https:\/\/sport.azemad.com\/players\/helder-nunes-es\" target=\"_blank\" rel=\"noreferrer noopener\">H\u00e9lder Nunes<\/a><\/p>\n<\/blockquote>\n\n\n\n<p>\u200d<\/p>\n\n\n\n<p>Queremos felicitar a todos los Padres, en especial al resto que forman parte del #TeamAZEMAD: <a href=\"https:\/\/sport.azemad.com\/product\/stick-roc-carlos-nicolia-es\" target=\"_blank\" rel=\"noreferrer noopener\">Carlos Nicolia<\/a>, <a href=\"https:\/\/sport.azemad.com\/product\/stick-portero-gt10-xl-es\" target=\"_blank\" rel=\"noreferrer noopener\">Guillem Trabal<\/a>, <a href=\"https:\/\/sport.azemad.com\/product\/stick-jordi-bargallo-es\" target=\"_blank\" rel=\"noreferrer noopener\">Jordi Bargall\u00f3<\/a> e <a href=\"https:\/\/sport.azemad.com\/product\/stick-rv66-elite-es\">Reinaldo Ventura<\/a>!<\/p>\n\n\n\n<h5 class=\"wp-block-heading\"><strong>\u00a1Feliz Dia de los Padres!<\/strong><\/h5>\n","protected":false},"excerpt":{"rendered":"<p>En el D\u00eda del Padre, destacamos la responsabilidad de inspirar a nuestros deportistas, dentro y fuera de la pista, con el lanzamiento de las p\u00e1ginas de H\u00e9lder Nunes y Jo\u00e3o Rodrigues<\/p>\n","protected":false},"author":8,"featured_media":6106,"comment_status":"open","ping_status":"open","sticky":false,"template":"","format":"standard","meta":{"_acf_changed":false,"footnotes":""},"categories":[924],"tags":[],"class_list":["post-5507","post","type-post","status-publish","format-standard","has-post-thumbnail","hentry","category-equipo-azemad"],"acf":[],"yoast_head":"<!-- This site is optimized with the Yoast SEO plugin v27.4 - https:\/\/yoast.com\/product\/yoast-seo-wordpress\/ -->\n<title>19 de Marzo - D\u00eda del padre<\/title>\n<meta name=\"description\" content=\"En el D\u00eda del Padre, destacamos la responsabilidad de inspirar a nuestros deportistas, dentro y fuera de la pista, con el lanzamiento de las p\u00e1ginas de H\u00e9lder Nunes y Jo\u00e3o Rodrigues\" \/>\n<meta name=\"robots\" content=\"index, follow, max-snippet:-1, max-image-preview:large, max-video-preview:-1\" \/>\n<link rel=\"canonical\" href=\"https:\/\/sport.azemad.com\/es\/19-de-marzo-dia-del-padre-es\/\" \/>\n<meta property=\"og:locale\" content=\"es_ES\" \/>\n<meta property=\"og:type\" content=\"article\" \/>\n<meta property=\"og:title\" content=\"19 de Marzo - D\u00eda del padre\" \/>\n<meta property=\"og:description\" content=\"En el D\u00eda del Padre, destacamos la responsabilidad de inspirar a nuestros deportistas, dentro y fuera de la pista, con el lanzamiento de las p\u00e1ginas de H\u00e9lder Nunes y Jo\u00e3o Rodrigues\" \/>\n<meta property=\"og:url\" content=\"https:\/\/sport.azemad.com\/es\/19-de-marzo-dia-del-padre-es\/\" \/>\n<meta property=\"og:site_name\" content=\"Azemad Sport\" \/>\n<meta property=\"article:publisher\" content=\"https:\/\/www.facebook.com\/azemadsport\" \/>\n<meta property=\"article:published_time\" content=\"2021-03-19T14:38:00+00:00\" \/>\n<meta property=\"article:modified_time\" content=\"2024-01-22T11:38:55+00:00\" \/>\n<meta property=\"og:image\" content=\"https:\/\/sport.azemad.com\/wp-content\/uploads\/2021\/03\/Helder-Nunes-Joao-Rodrigues-Team-AZEMAD_1080x1080.jpg\" \/>\n\t<meta property=\"og:image:width\" content=\"1080\" \/>\n\t<meta property=\"og:image:height\" content=\"1080\" \/>\n\t<meta property=\"og:image:type\" content=\"image\/jpeg\" \/>\n<meta name=\"author\" content=\"azemad.content\" \/>\n<meta name=\"twitter:card\" content=\"summary_large_image\" \/>\n<meta name=\"twitter:label1\" content=\"Escrito por\" \/>\n\t<meta name=\"twitter:data1\" content=\"azemad.content\" \/>\n\t<meta name=\"twitter:label2\" content=\"Tiempo de lectura\" \/>\n\t<meta name=\"twitter:data2\" content=\"2 minutos\" \/>\n<script type=\"application\/ld+json\" class=\"yoast-schema-graph\">{\"@context\":\"https:\\\/\\\/schema.org\",\"@graph\":[{\"@type\":\"Article\",\"@id\":\"https:\\\/\\\/sport.azemad.com\\\/es\\\/19-de-marzo-dia-del-padre-es\\\/#article\",\"isPartOf\":{\"@id\":\"https:\\\/\\\/sport.azemad.com\\\/es\\\/19-de-marzo-dia-del-padre-es\\\/\"},\"author\":{\"name\":\"azemad.content\",\"@id\":\"https:\\\/\\\/sport.azemad.com\\\/es\\\/#\\\/schema\\\/person\\\/d7733c74a910adf4e61fb90b461feb1c\"},\"headline\":\"19 de Marzo &#8211; D\u00eda del padre\",\"datePublished\":\"2021-03-19T14:38:00+00:00\",\"dateModified\":\"2024-01-22T11:38:55+00:00\",\"mainEntityOfPage\":{\"@id\":\"https:\\\/\\\/sport.azemad.com\\\/es\\\/19-de-marzo-dia-del-padre-es\\\/\"},\"wordCount\":215,\"commentCount\":0,\"publisher\":{\"@id\":\"https:\\\/\\\/sport.azemad.com\\\/es\\\/#organization\"},\"image\":{\"@id\":\"https:\\\/\\\/sport.azemad.com\\\/es\\\/19-de-marzo-dia-del-padre-es\\\/#primaryimage\"},\"thumbnailUrl\":\"https:\\\/\\\/sport.azemad.com\\\/wp-content\\\/uploads\\\/2021\\\/03\\\/Helder-Nunes-Joao-Rodrigues-Team-AZEMAD_1080x1080.jpg\",\"articleSection\":[\"Equipo Azemad\"],\"inLanguage\":\"es\",\"potentialAction\":[{\"@type\":\"CommentAction\",\"name\":\"Comment\",\"target\":[\"https:\\\/\\\/sport.azemad.com\\\/es\\\/19-de-marzo-dia-del-padre-es\\\/#respond\"]}]},{\"@type\":\"WebPage\",\"@id\":\"https:\\\/\\\/sport.azemad.com\\\/es\\\/19-de-marzo-dia-del-padre-es\\\/\",\"url\":\"https:\\\/\\\/sport.azemad.com\\\/es\\\/19-de-marzo-dia-del-padre-es\\\/\",\"name\":\"19 de Marzo - D\u00eda del padre\",\"isPartOf\":{\"@id\":\"https:\\\/\\\/sport.azemad.com\\\/es\\\/#website\"},\"primaryImageOfPage\":{\"@id\":\"https:\\\/\\\/sport.azemad.com\\\/es\\\/19-de-marzo-dia-del-padre-es\\\/#primaryimage\"},\"image\":{\"@id\":\"https:\\\/\\\/sport.azemad.com\\\/es\\\/19-de-marzo-dia-del-padre-es\\\/#primaryimage\"},\"thumbnailUrl\":\"https:\\\/\\\/sport.azemad.com\\\/wp-content\\\/uploads\\\/2021\\\/03\\\/Helder-Nunes-Joao-Rodrigues-Team-AZEMAD_1080x1080.jpg\",\"datePublished\":\"2021-03-19T14:38:00+00:00\",\"dateModified\":\"2024-01-22T11:38:55+00:00\",\"description\":\"En el D\u00eda del Padre, destacamos la responsabilidad de inspirar a nuestros deportistas, dentro y fuera de la pista, con el lanzamiento de las p\u00e1ginas de H\u00e9lder Nunes y Jo\u00e3o Rodrigues\",\"breadcrumb\":{\"@id\":\"https:\\\/\\\/sport.azemad.com\\\/es\\\/19-de-marzo-dia-del-padre-es\\\/#breadcrumb\"},\"inLanguage\":\"es\",\"potentialAction\":[{\"@type\":\"ReadAction\",\"target\":[\"https:\\\/\\\/sport.azemad.com\\\/es\\\/19-de-marzo-dia-del-padre-es\\\/\"]}]},{\"@type\":\"ImageObject\",\"inLanguage\":\"es\",\"@id\":\"https:\\\/\\\/sport.azemad.com\\\/es\\\/19-de-marzo-dia-del-padre-es\\\/#primaryimage\",\"url\":\"https:\\\/\\\/sport.azemad.com\\\/wp-content\\\/uploads\\\/2021\\\/03\\\/Helder-Nunes-Joao-Rodrigues-Team-AZEMAD_1080x1080.jpg\",\"contentUrl\":\"https:\\\/\\\/sport.azemad.com\\\/wp-content\\\/uploads\\\/2021\\\/03\\\/Helder-Nunes-Joao-Rodrigues-Team-AZEMAD_1080x1080.jpg\",\"width\":1080,\"height\":1080},{\"@type\":\"BreadcrumbList\",\"@id\":\"https:\\\/\\\/sport.azemad.com\\\/es\\\/19-de-marzo-dia-del-padre-es\\\/#breadcrumb\",\"itemListElement\":[{\"@type\":\"ListItem\",\"position\":1,\"name\":\"In\u00edcio\",\"item\":\"https:\\\/\\\/sport.azemad.com\\\/es\\\/\"},{\"@type\":\"ListItem\",\"position\":2,\"name\":\"19 de Marzo &#8211; D\u00eda del padre\"}]},{\"@type\":\"WebSite\",\"@id\":\"https:\\\/\\\/sport.azemad.com\\\/es\\\/#website\",\"url\":\"https:\\\/\\\/sport.azemad.com\\\/es\\\/\",\"name\":\"Azemad Sport\",\"description\":\"Artigos e Cat\u00e1logo para H\u00f3quei em Patins\",\"publisher\":{\"@id\":\"https:\\\/\\\/sport.azemad.com\\\/es\\\/#organization\"},\"potentialAction\":[{\"@type\":\"SearchAction\",\"target\":{\"@type\":\"EntryPoint\",\"urlTemplate\":\"https:\\\/\\\/sport.azemad.com\\\/es\\\/?s={search_term_string}\"},\"query-input\":{\"@type\":\"PropertyValueSpecification\",\"valueRequired\":true,\"valueName\":\"search_term_string\"}}],\"inLanguage\":\"es\"},{\"@type\":\"Organization\",\"@id\":\"https:\\\/\\\/sport.azemad.com\\\/es\\\/#organization\",\"name\":\"AZEMAD Sport\",\"alternateName\":\"Azemad Sport\",\"url\":\"https:\\\/\\\/sport.azemad.com\\\/es\\\/\",\"logo\":{\"@type\":\"ImageObject\",\"inLanguage\":\"es\",\"@id\":\"https:\\\/\\\/sport.azemad.com\\\/es\\\/#\\\/schema\\\/logo\\\/image\\\/\",\"url\":\"https:\\\/\\\/sport.azemad.com\\\/wp-content\\\/uploads\\\/2023\\\/10\\\/favicon.png\",\"contentUrl\":\"https:\\\/\\\/sport.azemad.com\\\/wp-content\\\/uploads\\\/2023\\\/10\\\/favicon.png\",\"width\":256,\"height\":256,\"caption\":\"AZEMAD Sport\"},\"image\":{\"@id\":\"https:\\\/\\\/sport.azemad.com\\\/es\\\/#\\\/schema\\\/logo\\\/image\\\/\"},\"sameAs\":[\"https:\\\/\\\/www.facebook.com\\\/azemadsport\",\"https:\\\/\\\/www.instagram.com\\\/azemad\\\/\",\"https:\\\/\\\/www.youtube.com\\\/c\\\/azemad\",\"https:\\\/\\\/www.linkedin.com\\\/company\\\/azemad\\\/\"]},{\"@type\":\"Person\",\"@id\":\"https:\\\/\\\/sport.azemad.com\\\/es\\\/#\\\/schema\\\/person\\\/d7733c74a910adf4e61fb90b461feb1c\",\"name\":\"azemad.content\"}]}<\/script>\n<!-- \/ Yoast SEO plugin. -->","yoast_head_json":{"title":"19 de Marzo - D\u00eda del padre","description":"En el D\u00eda del Padre, destacamos la responsabilidad de inspirar a nuestros deportistas, dentro y fuera de la pista, con el lanzamiento de las p\u00e1ginas de H\u00e9lder Nunes y Jo\u00e3o Rodrigues","robots":{"index":"index","follow":"follow","max-snippet":"max-snippet:-1","max-image-preview":"max-image-preview:large","max-video-preview":"max-video-preview:-1"},"canonical":"https:\/\/sport.azemad.com\/es\/19-de-marzo-dia-del-padre-es\/","og_locale":"es_ES","og_type":"article","og_title":"19 de Marzo - D\u00eda del padre","og_description":"En el D\u00eda del Padre, destacamos la responsabilidad de inspirar a nuestros deportistas, dentro y fuera de la pista, con el lanzamiento de las p\u00e1ginas de H\u00e9lder Nunes y Jo\u00e3o Rodrigues","og_url":"https:\/\/sport.azemad.com\/es\/19-de-marzo-dia-del-padre-es\/","og_site_name":"Azemad Sport","article_publisher":"https:\/\/www.facebook.com\/azemadsport","article_published_time":"2021-03-19T14:38:00+00:00","article_modified_time":"2024-01-22T11:38:55+00:00","og_image":[{"width":1080,"height":1080,"url":"https:\/\/sport.azemad.com\/wp-content\/uploads\/2021\/03\/Helder-Nunes-Joao-Rodrigues-Team-AZEMAD_1080x1080.jpg","type":"image\/jpeg"}],"author":"azemad.content","twitter_card":"summary_large_image","twitter_misc":{"Escrito por":"azemad.content","Tiempo de lectura":"2 minutos"},"schema":{"@context":"https:\/\/schema.org","@graph":[{"@type":"Article","@id":"https:\/\/sport.azemad.com\/es\/19-de-marzo-dia-del-padre-es\/#article","isPartOf":{"@id":"https:\/\/sport.azemad.com\/es\/19-de-marzo-dia-del-padre-es\/"},"author":{"name":"azemad.content","@id":"https:\/\/sport.azemad.com\/es\/#\/schema\/person\/d7733c74a910adf4e61fb90b461feb1c"},"headline":"19 de Marzo &#8211; D\u00eda del padre","datePublished":"2021-03-19T14:38:00+00:00","dateModified":"2024-01-22T11:38:55+00:00","mainEntityOfPage":{"@id":"https:\/\/sport.azemad.com\/es\/19-de-marzo-dia-del-padre-es\/"},"wordCount":215,"commentCount":0,"publisher":{"@id":"https:\/\/sport.azemad.com\/es\/#organization"},"image":{"@id":"https:\/\/sport.azemad.com\/es\/19-de-marzo-dia-del-padre-es\/#primaryimage"},"thumbnailUrl":"https:\/\/sport.azemad.com\/wp-content\/uploads\/2021\/03\/Helder-Nunes-Joao-Rodrigues-Team-AZEMAD_1080x1080.jpg","articleSection":["Equipo Azemad"],"inLanguage":"es","potentialAction":[{"@type":"CommentAction","name":"Comment","target":["https:\/\/sport.azemad.com\/es\/19-de-marzo-dia-del-padre-es\/#respond"]}]},{"@type":"WebPage","@id":"https:\/\/sport.azemad.com\/es\/19-de-marzo-dia-del-padre-es\/","url":"https:\/\/sport.azemad.com\/es\/19-de-marzo-dia-del-padre-es\/","name":"19 de Marzo - D\u00eda del padre","isPartOf":{"@id":"https:\/\/sport.azemad.com\/es\/#website"},"primaryImageOfPage":{"@id":"https:\/\/sport.azemad.com\/es\/19-de-marzo-dia-del-padre-es\/#primaryimage"},"image":{"@id":"https:\/\/sport.azemad.com\/es\/19-de-marzo-dia-del-padre-es\/#primaryimage"},"thumbnailUrl":"https:\/\/sport.azemad.com\/wp-content\/uploads\/2021\/03\/Helder-Nunes-Joao-Rodrigues-Team-AZEMAD_1080x1080.jpg","datePublished":"2021-03-19T14:38:00+00:00","dateModified":"2024-01-22T11:38:55+00:00","description":"En el D\u00eda del Padre, destacamos la responsabilidad de inspirar a nuestros deportistas, dentro y fuera de la pista, con el lanzamiento de las p\u00e1ginas de H\u00e9lder Nunes y Jo\u00e3o Rodrigues","breadcrumb":{"@id":"https:\/\/sport.azemad.com\/es\/19-de-marzo-dia-del-padre-es\/#breadcrumb"},"inLanguage":"es","potentialAction":[{"@type":"ReadAction","target":["https:\/\/sport.azemad.com\/es\/19-de-marzo-dia-del-padre-es\/"]}]},{"@type":"ImageObject","inLanguage":"es","@id":"https:\/\/sport.azemad.com\/es\/19-de-marzo-dia-del-padre-es\/#primaryimage","url":"https:\/\/sport.azemad.com\/wp-content\/uploads\/2021\/03\/Helder-Nunes-Joao-Rodrigues-Team-AZEMAD_1080x1080.jpg","contentUrl":"https:\/\/sport.azemad.com\/wp-content\/uploads\/2021\/03\/Helder-Nunes-Joao-Rodrigues-Team-AZEMAD_1080x1080.jpg","width":1080,"height":1080},{"@type":"BreadcrumbList","@id":"https:\/\/sport.azemad.com\/es\/19-de-marzo-dia-del-padre-es\/#breadcrumb","itemListElement":[{"@type":"ListItem","position":1,"name":"In\u00edcio","item":"https:\/\/sport.azemad.com\/es\/"},{"@type":"ListItem","position":2,"name":"19 de Marzo &#8211; D\u00eda del padre"}]},{"@type":"WebSite","@id":"https:\/\/sport.azemad.com\/es\/#website","url":"https:\/\/sport.azemad.com\/es\/","name":"Azemad Sport","description":"Artigos e Cat\u00e1logo para H\u00f3quei em Patins","publisher":{"@id":"https:\/\/sport.azemad.com\/es\/#organization"},"potentialAction":[{"@type":"SearchAction","target":{"@type":"EntryPoint","urlTemplate":"https:\/\/sport.azemad.com\/es\/?s={search_term_string}"},"query-input":{"@type":"PropertyValueSpecification","valueRequired":true,"valueName":"search_term_string"}}],"inLanguage":"es"},{"@type":"Organization","@id":"https:\/\/sport.azemad.com\/es\/#organization","name":"AZEMAD Sport","alternateName":"Azemad Sport","url":"https:\/\/sport.azemad.com\/es\/","logo":{"@type":"ImageObject","inLanguage":"es","@id":"https:\/\/sport.azemad.com\/es\/#\/schema\/logo\/image\/","url":"https:\/\/sport.azemad.com\/wp-content\/uploads\/2023\/10\/favicon.png","contentUrl":"https:\/\/sport.azemad.com\/wp-content\/uploads\/2023\/10\/favicon.png","width":256,"height":256,"caption":"AZEMAD Sport"},"image":{"@id":"https:\/\/sport.azemad.com\/es\/#\/schema\/logo\/image\/"},"sameAs":["https:\/\/www.facebook.com\/azemadsport","https:\/\/www.instagram.com\/azemad\/","https:\/\/www.youtube.com\/c\/azemad","https:\/\/www.linkedin.com\/company\/azemad\/"]},{"@type":"Person","@id":"https:\/\/sport.azemad.com\/es\/#\/schema\/person\/d7733c74a910adf4e61fb90b461feb1c","name":"azemad.content"}]}},"_links":{"self":[{"href":"https:\/\/sport.azemad.com\/es\/wp-json\/wp\/v2\/posts\/5507","targetHints":{"allow":["GET"]}}],"collection":[{"href":"https:\/\/sport.azemad.com\/es\/wp-json\/wp\/v2\/posts"}],"about":[{"href":"https:\/\/sport.azemad.com\/es\/wp-json\/wp\/v2\/types\/post"}],"author":[{"embeddable":true,"href":"https:\/\/sport.azemad.com\/es\/wp-json\/wp\/v2\/users\/8"}],"replies":[{"embeddable":true,"href":"https:\/\/sport.azemad.com\/es\/wp-json\/wp\/v2\/comments?post=5507"}],"version-history":[{"count":0,"href":"https:\/\/sport.azemad.com\/es\/wp-json\/wp\/v2\/posts\/5507\/revisions"}],"wp:featuredmedia":[{"embeddable":true,"href":"https:\/\/sport.azemad.com\/es\/wp-json\/wp\/v2\/media\/6106"}],"wp:attachment":[{"href":"https:\/\/sport.azemad.com\/es\/wp-json\/wp\/v2\/media?parent=5507"}],"wp:term":[{"taxonomy":"category","embeddable":true,"href":"https:\/\/sport.azemad.com\/es\/wp-json\/wp\/v2\/categories?post=5507"},{"taxonomy":"post_tag","embeddable":true,"href":"https:\/\/sport.azemad.com\/es\/wp-json\/wp\/v2\/tags?post=5507"}],"curies":[{"name":"wp","href":"https:\/\/api.w.org\/{rel}","templated":true}]}}