{"id":5731,"date":"2019-07-19T10:36:00","date_gmt":"2019-07-19T10:36:00","guid":{"rendered":"https:\/\/azemad.assemble.website\/azemad-distinguida-pelo-governo-da-catalunha\/"},"modified":"2024-01-22T11:50:15","modified_gmt":"2024-01-22T11:50:15","slug":"azemad-distinguida-por-el-gobierno-de-cataluna-es","status":"publish","type":"post","link":"https:\/\/sport.azemad.com\/es\/azemad-distinguida-por-el-gobierno-de-cataluna-es\/","title":{"rendered":"AZEMAD distinguida por el Gobierno de Catalu\u00f1a"},"content":{"rendered":"\n<p>Este viernes 12 de julio, AZEMAD, representada por su CEO, el Sr. Paulo Martins, fue objeto de una recepci\u00f3n de honor y agradecimiento p\u00fablico por parte de su Excelencia Presidente del Gobierno de Catalu\u00f1a, Sr. Joaquim Torra. Esta iniciativa surge tras la realizaci\u00f3n de los World Roller Games, evento que tendr\u00e1 lugar hasta el 14 de julio en Barcelona, donde AZEMAD es patrocinadora oficial de la modalidad de Hockey en Patines. Por sus servicios, AZEMAD fue reconocida al m\u00e1s alto nivel por el apoyo en la realizaci\u00f3n de tan grandioso evento, como tambi\u00e9n en la promoci\u00f3n y desarrollo del deporte, m\u00e1s espec\u00edficamente por la promoci\u00f3n y elevaci\u00f3n de la modalidad de Hockey en Patines.<\/p>\n\n\n\n<p>Para recibir tal distinci\u00f3n, el CEO de AZEMAD tuvo el honor de la presencia del representante de AZEMAD en Catalu\u00f1a, Sr. Santi Almat\u00f3, y tambi\u00e9n del Sr. Carmelo Paniagua presidente de la Federaci\u00f3n Espa\u00f1ola de Patinaje y de la Federaci\u00f3n Internacional de Patinaje. Asisti\u00f3 tambi\u00e9n al Sr. Gerard Figueras, Director General de la Secretar\u00eda General de Deporte y Actividad F\u00edsica del Gobierno de Catalu\u00f1a.<\/p>\n","protected":false},"excerpt":{"rendered":"<p>Reconocimiento por el servicio prestado por la marca portuguesa.<\/p>\n","protected":false},"author":8,"featured_media":5952,"comment_status":"open","ping_status":"open","sticky":false,"template":"","format":"standard","meta":{"_acf_changed":false,"footnotes":""},"categories":[777],"tags":[],"class_list":["post-5731","post","type-post","status-publish","format-standard","has-post-thumbnail","hentry","category-eventos-es"],"acf":[],"yoast_head":"<!-- This site is optimized with the Yoast SEO plugin v27.4 - https:\/\/yoast.com\/product\/yoast-seo-wordpress\/ -->\n<title>AZEMAD distinguida por el Gobierno de Catalu\u00f1a<\/title>\n<meta name=\"description\" content=\"Reconocimiento por el servicio prestado por la marca portuguesa.\" \/>\n<meta name=\"robots\" content=\"index, follow, max-snippet:-1, max-image-preview:large, max-video-preview:-1\" \/>\n<link rel=\"canonical\" href=\"https:\/\/sport.azemad.com\/es\/azemad-distinguida-por-el-gobierno-de-cataluna-es\/\" \/>\n<meta property=\"og:locale\" content=\"es_ES\" \/>\n<meta property=\"og:type\" content=\"article\" \/>\n<meta property=\"og:title\" content=\"AZEMAD distinguida por el Gobierno de Catalu\u00f1a\" \/>\n<meta property=\"og:description\" content=\"Reconocimiento por el servicio prestado por la marca portuguesa.\" \/>\n<meta property=\"og:url\" content=\"https:\/\/sport.azemad.com\/es\/azemad-distinguida-por-el-gobierno-de-cataluna-es\/\" \/>\n<meta property=\"og:site_name\" content=\"Azemad Sport\" \/>\n<meta property=\"article:publisher\" content=\"https:\/\/www.facebook.com\/azemadsport\" \/>\n<meta property=\"article:published_time\" content=\"2019-07-19T10:36:00+00:00\" \/>\n<meta property=\"article:modified_time\" content=\"2024-01-22T11:50:15+00:00\" \/>\n<meta property=\"og:image\" content=\"https:\/\/sport.azemad.com\/wp-content\/uploads\/2019\/07\/AZEMADSport_GovernoCatalunha_1080x1080.jpg\" \/>\n\t<meta property=\"og:image:width\" content=\"1080\" \/>\n\t<meta property=\"og:image:height\" content=\"1080\" \/>\n\t<meta property=\"og:image:type\" content=\"image\/jpeg\" \/>\n<meta name=\"author\" content=\"azemad.content\" \/>\n<meta name=\"twitter:card\" content=\"summary_large_image\" \/>\n<meta name=\"twitter:label1\" content=\"Escrito por\" \/>\n\t<meta name=\"twitter:data1\" content=\"azemad.content\" \/>\n\t<meta name=\"twitter:label2\" content=\"Tiempo de lectura\" \/>\n\t<meta name=\"twitter:data2\" content=\"2 minutos\" \/>\n<script type=\"application\/ld+json\" class=\"yoast-schema-graph\">{\"@context\":\"https:\\\/\\\/schema.org\",\"@graph\":[{\"@type\":\"Article\",\"@id\":\"https:\\\/\\\/sport.azemad.com\\\/es\\\/azemad-distinguida-por-el-gobierno-de-cataluna-es\\\/#article\",\"isPartOf\":{\"@id\":\"https:\\\/\\\/sport.azemad.com\\\/es\\\/azemad-distinguida-por-el-gobierno-de-cataluna-es\\\/\"},\"author\":{\"name\":\"azemad.content\",\"@id\":\"https:\\\/\\\/sport.azemad.com\\\/es\\\/#\\\/schema\\\/person\\\/d7733c74a910adf4e61fb90b461feb1c\"},\"headline\":\"AZEMAD distinguida por el Gobierno de Catalu\u00f1a\",\"datePublished\":\"2019-07-19T10:36:00+00:00\",\"dateModified\":\"2024-01-22T11:50:15+00:00\",\"mainEntityOfPage\":{\"@id\":\"https:\\\/\\\/sport.azemad.com\\\/es\\\/azemad-distinguida-por-el-gobierno-de-cataluna-es\\\/\"},\"wordCount\":206,\"commentCount\":0,\"publisher\":{\"@id\":\"https:\\\/\\\/sport.azemad.com\\\/es\\\/#organization\"},\"image\":{\"@id\":\"https:\\\/\\\/sport.azemad.com\\\/es\\\/azemad-distinguida-por-el-gobierno-de-cataluna-es\\\/#primaryimage\"},\"thumbnailUrl\":\"https:\\\/\\\/sport.azemad.com\\\/wp-content\\\/uploads\\\/2019\\\/07\\\/AZEMADSport_GovernoCatalunha_1080x1080.jpg\",\"articleSection\":[\"Eventos\"],\"inLanguage\":\"es\",\"potentialAction\":[{\"@type\":\"CommentAction\",\"name\":\"Comment\",\"target\":[\"https:\\\/\\\/sport.azemad.com\\\/es\\\/azemad-distinguida-por-el-gobierno-de-cataluna-es\\\/#respond\"]}]},{\"@type\":\"WebPage\",\"@id\":\"https:\\\/\\\/sport.azemad.com\\\/es\\\/azemad-distinguida-por-el-gobierno-de-cataluna-es\\\/\",\"url\":\"https:\\\/\\\/sport.azemad.com\\\/es\\\/azemad-distinguida-por-el-gobierno-de-cataluna-es\\\/\",\"name\":\"AZEMAD distinguida por el Gobierno de Catalu\u00f1a\",\"isPartOf\":{\"@id\":\"https:\\\/\\\/sport.azemad.com\\\/es\\\/#website\"},\"primaryImageOfPage\":{\"@id\":\"https:\\\/\\\/sport.azemad.com\\\/es\\\/azemad-distinguida-por-el-gobierno-de-cataluna-es\\\/#primaryimage\"},\"image\":{\"@id\":\"https:\\\/\\\/sport.azemad.com\\\/es\\\/azemad-distinguida-por-el-gobierno-de-cataluna-es\\\/#primaryimage\"},\"thumbnailUrl\":\"https:\\\/\\\/sport.azemad.com\\\/wp-content\\\/uploads\\\/2019\\\/07\\\/AZEMADSport_GovernoCatalunha_1080x1080.jpg\",\"datePublished\":\"2019-07-19T10:36:00+00:00\",\"dateModified\":\"2024-01-22T11:50:15+00:00\",\"description\":\"Reconocimiento por el servicio prestado por la marca portuguesa.\",\"breadcrumb\":{\"@id\":\"https:\\\/\\\/sport.azemad.com\\\/es\\\/azemad-distinguida-por-el-gobierno-de-cataluna-es\\\/#breadcrumb\"},\"inLanguage\":\"es\",\"potentialAction\":[{\"@type\":\"ReadAction\",\"target\":[\"https:\\\/\\\/sport.azemad.com\\\/es\\\/azemad-distinguida-por-el-gobierno-de-cataluna-es\\\/\"]}]},{\"@type\":\"ImageObject\",\"inLanguage\":\"es\",\"@id\":\"https:\\\/\\\/sport.azemad.com\\\/es\\\/azemad-distinguida-por-el-gobierno-de-cataluna-es\\\/#primaryimage\",\"url\":\"https:\\\/\\\/sport.azemad.com\\\/wp-content\\\/uploads\\\/2019\\\/07\\\/AZEMADSport_GovernoCatalunha_1080x1080.jpg\",\"contentUrl\":\"https:\\\/\\\/sport.azemad.com\\\/wp-content\\\/uploads\\\/2019\\\/07\\\/AZEMADSport_GovernoCatalunha_1080x1080.jpg\",\"width\":1080,\"height\":1080},{\"@type\":\"BreadcrumbList\",\"@id\":\"https:\\\/\\\/sport.azemad.com\\\/es\\\/azemad-distinguida-por-el-gobierno-de-cataluna-es\\\/#breadcrumb\",\"itemListElement\":[{\"@type\":\"ListItem\",\"position\":1,\"name\":\"In\u00edcio\",\"item\":\"https:\\\/\\\/sport.azemad.com\\\/es\\\/\"},{\"@type\":\"ListItem\",\"position\":2,\"name\":\"AZEMAD distinguida por el Gobierno de Catalu\u00f1a\"}]},{\"@type\":\"WebSite\",\"@id\":\"https:\\\/\\\/sport.azemad.com\\\/es\\\/#website\",\"url\":\"https:\\\/\\\/sport.azemad.com\\\/es\\\/\",\"name\":\"Azemad Sport\",\"description\":\"Artigos e Cat\u00e1logo para H\u00f3quei em Patins\",\"publisher\":{\"@id\":\"https:\\\/\\\/sport.azemad.com\\\/es\\\/#organization\"},\"potentialAction\":[{\"@type\":\"SearchAction\",\"target\":{\"@type\":\"EntryPoint\",\"urlTemplate\":\"https:\\\/\\\/sport.azemad.com\\\/es\\\/?s={search_term_string}\"},\"query-input\":{\"@type\":\"PropertyValueSpecification\",\"valueRequired\":true,\"valueName\":\"search_term_string\"}}],\"inLanguage\":\"es\"},{\"@type\":\"Organization\",\"@id\":\"https:\\\/\\\/sport.azemad.com\\\/es\\\/#organization\",\"name\":\"AZEMAD Sport\",\"alternateName\":\"Azemad Sport\",\"url\":\"https:\\\/\\\/sport.azemad.com\\\/es\\\/\",\"logo\":{\"@type\":\"ImageObject\",\"inLanguage\":\"es\",\"@id\":\"https:\\\/\\\/sport.azemad.com\\\/es\\\/#\\\/schema\\\/logo\\\/image\\\/\",\"url\":\"https:\\\/\\\/sport.azemad.com\\\/wp-content\\\/uploads\\\/2023\\\/10\\\/favicon.png\",\"contentUrl\":\"https:\\\/\\\/sport.azemad.com\\\/wp-content\\\/uploads\\\/2023\\\/10\\\/favicon.png\",\"width\":256,\"height\":256,\"caption\":\"AZEMAD Sport\"},\"image\":{\"@id\":\"https:\\\/\\\/sport.azemad.com\\\/es\\\/#\\\/schema\\\/logo\\\/image\\\/\"},\"sameAs\":[\"https:\\\/\\\/www.facebook.com\\\/azemadsport\",\"https:\\\/\\\/www.instagram.com\\\/azemad\\\/\",\"https:\\\/\\\/www.youtube.com\\\/c\\\/azemad\",\"https:\\\/\\\/www.linkedin.com\\\/company\\\/azemad\\\/\"]},{\"@type\":\"Person\",\"@id\":\"https:\\\/\\\/sport.azemad.com\\\/es\\\/#\\\/schema\\\/person\\\/d7733c74a910adf4e61fb90b461feb1c\",\"name\":\"azemad.content\"}]}<\/script>\n<!-- \/ Yoast SEO plugin. -->","yoast_head_json":{"title":"AZEMAD distinguida por el Gobierno de Catalu\u00f1a","description":"Reconocimiento por el servicio prestado por la marca portuguesa.","robots":{"index":"index","follow":"follow","max-snippet":"max-snippet:-1","max-image-preview":"max-image-preview:large","max-video-preview":"max-video-preview:-1"},"canonical":"https:\/\/sport.azemad.com\/es\/azemad-distinguida-por-el-gobierno-de-cataluna-es\/","og_locale":"es_ES","og_type":"article","og_title":"AZEMAD distinguida por el Gobierno de Catalu\u00f1a","og_description":"Reconocimiento por el servicio prestado por la marca portuguesa.","og_url":"https:\/\/sport.azemad.com\/es\/azemad-distinguida-por-el-gobierno-de-cataluna-es\/","og_site_name":"Azemad Sport","article_publisher":"https:\/\/www.facebook.com\/azemadsport","article_published_time":"2019-07-19T10:36:00+00:00","article_modified_time":"2024-01-22T11:50:15+00:00","og_image":[{"width":1080,"height":1080,"url":"https:\/\/sport.azemad.com\/wp-content\/uploads\/2019\/07\/AZEMADSport_GovernoCatalunha_1080x1080.jpg","type":"image\/jpeg"}],"author":"azemad.content","twitter_card":"summary_large_image","twitter_misc":{"Escrito por":"azemad.content","Tiempo de lectura":"2 minutos"},"schema":{"@context":"https:\/\/schema.org","@graph":[{"@type":"Article","@id":"https:\/\/sport.azemad.com\/es\/azemad-distinguida-por-el-gobierno-de-cataluna-es\/#article","isPartOf":{"@id":"https:\/\/sport.azemad.com\/es\/azemad-distinguida-por-el-gobierno-de-cataluna-es\/"},"author":{"name":"azemad.content","@id":"https:\/\/sport.azemad.com\/es\/#\/schema\/person\/d7733c74a910adf4e61fb90b461feb1c"},"headline":"AZEMAD distinguida por el Gobierno de Catalu\u00f1a","datePublished":"2019-07-19T10:36:00+00:00","dateModified":"2024-01-22T11:50:15+00:00","mainEntityOfPage":{"@id":"https:\/\/sport.azemad.com\/es\/azemad-distinguida-por-el-gobierno-de-cataluna-es\/"},"wordCount":206,"commentCount":0,"publisher":{"@id":"https:\/\/sport.azemad.com\/es\/#organization"},"image":{"@id":"https:\/\/sport.azemad.com\/es\/azemad-distinguida-por-el-gobierno-de-cataluna-es\/#primaryimage"},"thumbnailUrl":"https:\/\/sport.azemad.com\/wp-content\/uploads\/2019\/07\/AZEMADSport_GovernoCatalunha_1080x1080.jpg","articleSection":["Eventos"],"inLanguage":"es","potentialAction":[{"@type":"CommentAction","name":"Comment","target":["https:\/\/sport.azemad.com\/es\/azemad-distinguida-por-el-gobierno-de-cataluna-es\/#respond"]}]},{"@type":"WebPage","@id":"https:\/\/sport.azemad.com\/es\/azemad-distinguida-por-el-gobierno-de-cataluna-es\/","url":"https:\/\/sport.azemad.com\/es\/azemad-distinguida-por-el-gobierno-de-cataluna-es\/","name":"AZEMAD distinguida por el Gobierno de Catalu\u00f1a","isPartOf":{"@id":"https:\/\/sport.azemad.com\/es\/#website"},"primaryImageOfPage":{"@id":"https:\/\/sport.azemad.com\/es\/azemad-distinguida-por-el-gobierno-de-cataluna-es\/#primaryimage"},"image":{"@id":"https:\/\/sport.azemad.com\/es\/azemad-distinguida-por-el-gobierno-de-cataluna-es\/#primaryimage"},"thumbnailUrl":"https:\/\/sport.azemad.com\/wp-content\/uploads\/2019\/07\/AZEMADSport_GovernoCatalunha_1080x1080.jpg","datePublished":"2019-07-19T10:36:00+00:00","dateModified":"2024-01-22T11:50:15+00:00","description":"Reconocimiento por el servicio prestado por la marca portuguesa.","breadcrumb":{"@id":"https:\/\/sport.azemad.com\/es\/azemad-distinguida-por-el-gobierno-de-cataluna-es\/#breadcrumb"},"inLanguage":"es","potentialAction":[{"@type":"ReadAction","target":["https:\/\/sport.azemad.com\/es\/azemad-distinguida-por-el-gobierno-de-cataluna-es\/"]}]},{"@type":"ImageObject","inLanguage":"es","@id":"https:\/\/sport.azemad.com\/es\/azemad-distinguida-por-el-gobierno-de-cataluna-es\/#primaryimage","url":"https:\/\/sport.azemad.com\/wp-content\/uploads\/2019\/07\/AZEMADSport_GovernoCatalunha_1080x1080.jpg","contentUrl":"https:\/\/sport.azemad.com\/wp-content\/uploads\/2019\/07\/AZEMADSport_GovernoCatalunha_1080x1080.jpg","width":1080,"height":1080},{"@type":"BreadcrumbList","@id":"https:\/\/sport.azemad.com\/es\/azemad-distinguida-por-el-gobierno-de-cataluna-es\/#breadcrumb","itemListElement":[{"@type":"ListItem","position":1,"name":"In\u00edcio","item":"https:\/\/sport.azemad.com\/es\/"},{"@type":"ListItem","position":2,"name":"AZEMAD distinguida por el Gobierno de Catalu\u00f1a"}]},{"@type":"WebSite","@id":"https:\/\/sport.azemad.com\/es\/#website","url":"https:\/\/sport.azemad.com\/es\/","name":"Azemad Sport","description":"Artigos e Cat\u00e1logo para H\u00f3quei em Patins","publisher":{"@id":"https:\/\/sport.azemad.com\/es\/#organization"},"potentialAction":[{"@type":"SearchAction","target":{"@type":"EntryPoint","urlTemplate":"https:\/\/sport.azemad.com\/es\/?s={search_term_string}"},"query-input":{"@type":"PropertyValueSpecification","valueRequired":true,"valueName":"search_term_string"}}],"inLanguage":"es"},{"@type":"Organization","@id":"https:\/\/sport.azemad.com\/es\/#organization","name":"AZEMAD Sport","alternateName":"Azemad Sport","url":"https:\/\/sport.azemad.com\/es\/","logo":{"@type":"ImageObject","inLanguage":"es","@id":"https:\/\/sport.azemad.com\/es\/#\/schema\/logo\/image\/","url":"https:\/\/sport.azemad.com\/wp-content\/uploads\/2023\/10\/favicon.png","contentUrl":"https:\/\/sport.azemad.com\/wp-content\/uploads\/2023\/10\/favicon.png","width":256,"height":256,"caption":"AZEMAD Sport"},"image":{"@id":"https:\/\/sport.azemad.com\/es\/#\/schema\/logo\/image\/"},"sameAs":["https:\/\/www.facebook.com\/azemadsport","https:\/\/www.instagram.com\/azemad\/","https:\/\/www.youtube.com\/c\/azemad","https:\/\/www.linkedin.com\/company\/azemad\/"]},{"@type":"Person","@id":"https:\/\/sport.azemad.com\/es\/#\/schema\/person\/d7733c74a910adf4e61fb90b461feb1c","name":"azemad.content"}]}},"_links":{"self":[{"href":"https:\/\/sport.azemad.com\/es\/wp-json\/wp\/v2\/posts\/5731","targetHints":{"allow":["GET"]}}],"collection":[{"href":"https:\/\/sport.azemad.com\/es\/wp-json\/wp\/v2\/posts"}],"about":[{"href":"https:\/\/sport.azemad.com\/es\/wp-json\/wp\/v2\/types\/post"}],"author":[{"embeddable":true,"href":"https:\/\/sport.azemad.com\/es\/wp-json\/wp\/v2\/users\/8"}],"replies":[{"embeddable":true,"href":"https:\/\/sport.azemad.com\/es\/wp-json\/wp\/v2\/comments?post=5731"}],"version-history":[{"count":0,"href":"https:\/\/sport.azemad.com\/es\/wp-json\/wp\/v2\/posts\/5731\/revisions"}],"wp:featuredmedia":[{"embeddable":true,"href":"https:\/\/sport.azemad.com\/es\/wp-json\/wp\/v2\/media\/5952"}],"wp:attachment":[{"href":"https:\/\/sport.azemad.com\/es\/wp-json\/wp\/v2\/media?parent=5731"}],"wp:term":[{"taxonomy":"category","embeddable":true,"href":"https:\/\/sport.azemad.com\/es\/wp-json\/wp\/v2\/categories?post=5731"},{"taxonomy":"post_tag","embeddable":true,"href":"https:\/\/sport.azemad.com\/es\/wp-json\/wp\/v2\/tags?post=5731"}],"curies":[{"name":"wp","href":"https:\/\/api.w.org\/{rel}","templated":true}]}}